{"id":63206,"date":"2025-06-26T11:59:18","date_gmt":"2025-06-26T14:59:18","guid":{"rendered":"https:\/\/corujaonoticias.com.br\/news\/?p=63206"},"modified":"2025-06-26T11:59:18","modified_gmt":"2025-06-26T14:59:18","slug":"gaeco-e-detran-cumprem-prisoes-preventivas-e-outras-medidas-contra-agentes-publicos-particulares-e-empresas-na-regiao-de-maringa","status":"publish","type":"post","link":"https:\/\/corujaonoticias.com.br\/news\/gaeco-e-detran-cumprem-prisoes-preventivas-e-outras-medidas-contra-agentes-publicos-particulares-e-empresas-na-regiao-de-maringa\/","title":{"rendered":"Gaeco e Detran cumprem pris\u00f5es preventivas e outras medidas contra agentes p\u00fablicos, particulares e empresas, na regi\u00e3o de Maring\u00e1"},"content":{"rendered":"<p>O Minist\u00e9rio P\u00fablico do Paran\u00e1, por meio do n\u00facleo de Maring\u00e1 do Grupo de Atua\u00e7\u00e3o Especial de Combate ao Crime Organizado (Gaeco), cumpriu nesta quinta-feira, 26 de junho, tr\u00eas mandados de pris\u00e3o preventiva, quatro de monitora\u00e7\u00e3o eletr\u00f4nica, 14 de busca e apreens\u00e3o domiciliar, quatro de afastamento de fun\u00e7\u00f5es p\u00fablicas e um de suspens\u00e3o das atividades econ\u00f4micas de uma cl\u00ednica no \u00e2mbito da Opera\u00e7\u00e3o Vis\u00e3o. O objetivo \u00e9 apurar suposta pr\u00e1tica dos crimes de associa\u00e7\u00e3o criminosa, falsidade ideol\u00f3gica e corrup\u00e7\u00e3o ativa e passiva em esquema de fraudes sist\u00eamicas relacionadas \u00e0 obten\u00e7\u00e3o e renova\u00e7\u00e3o da Carteira Nacional de Habilita\u00e7\u00e3o (CNH) perante o Detran do Paran\u00e1. Durante o cumprimento das ordens judiciais, foi identificado e fechado um Centro de Forma\u00e7\u00e3o de Condutores (CFC) clandestino e o m\u00e9dico alvo da opera\u00e7\u00e3o foi preso em flagrante por posse ilegal de armas de fogo.<\/p>\n<p>Expedidas pela 1\u00aa Vara Criminal de Sarandi, pela Vara Criminal de Santa F\u00e9 e pela Vara Criminal de Engenheiro Beltr\u00e3o, as medidas judiciais foram cumpridas em tr\u00eas investiga\u00e7\u00f5es distintas e concomitantes, em endere\u00e7os relacionados aos investigados nas cidades de Sarandi, Maring\u00e1, Santa F\u00e9, Centen\u00e1rio do Sul, Lupion\u00f3polis, Engenheiro Beltr\u00e3o, Peabiru e S\u00e3o Jorge do Iva\u00ed. As a\u00e7\u00f5es contaram com a colabora\u00e7\u00e3o da chefia e da Unidade de Inspe\u00e7\u00e3o e Auditagem do Detran, mediante atua\u00e7\u00e3o conjunta desde o in\u00edcio das averigua\u00e7\u00f5es.<\/p>\n<p><strong>Esquema duradouro<\/strong> \u2013 As investiga\u00e7\u00f5es tiveram in\u00edcio em setembro de 2024 e in\u00edcio de 2025, ap\u00f3s o Gaeco de Maring\u00e1 identificar aparentes il\u00edcitos na realiza\u00e7\u00e3o de exames te\u00f3ricos para renova\u00e7\u00e3o de CNH perante a 86\u00aa Ciretran de Sarandi e a 95\u00aa Ciretran de Engenheiro Beltr\u00e3o, bem como em exames m\u00e9dicos realizados em uma cl\u00ednica em Centen\u00e1rio do Sul. Com o avan\u00e7o das apura\u00e7\u00f5es, foram obtidas evid\u00eancias da atua\u00e7\u00e3o conjunta de servidores p\u00fablicos, dentre eles um m\u00e9dico, particulares e empresas que atuam na \u00e1rea de tr\u00e2nsito. Um dos investigados, preso preventivamente nesta manh\u00e3, possui quatro condena\u00e7\u00f5es definitivas e responde a duas a\u00e7\u00f5es penais, todas pela pr\u00e1tica de crimes envolvendo o Detran. Outro investigado, tamb\u00e9m alvo de pris\u00e3o preventiva nesta data, \u00e9 r\u00e9u em outras tr\u00eas a\u00e7\u00f5es penais pelo envolvimento em fraudes perante o Detran.<\/p>\n<p><strong>Refer\u00eancia<\/strong> \u2013 O nome da opera\u00e7\u00e3o faz refer\u00eancia \u00e0s limita\u00e7\u00f5es visuais de motoristas que eram reprovados em exames de vis\u00e3o, mas, a despeito das dificuldades para enxergar, quando encaminhadas \u00e0 cl\u00ednica m\u00e9dica alvo da opera\u00e7\u00e3o desta quinta-feira, 26 de junho, eram considerados aptos e conseguiam a renova\u00e7\u00e3o da CNH.<\/p>\n<p>Via MPPR &#8211; GAECO<\/p>\n","protected":false},"excerpt":{"rendered":"<p>O Minist\u00e9rio P\u00fablico do Paran\u00e1, por meio do n\u00facleo de Maring\u00e1 do Grupo de Atua\u00e7\u00e3o Especial de Combate ao Crime Organizado (Gaeco), cumpriu nesta quinta-feira, 26 de junho, tr\u00eas mandados de pris\u00e3o preventiva, quatro de monitora\u00e7\u00e3o eletr\u00f4nica, 14 de busca e apreens\u00e3o domiciliar, quatro de afastamento de fun\u00e7\u00f5es p\u00fablicas e um de suspens\u00e3o das atividades [&hellip;]<\/p>\n","protected":false},"author":2,"featured_media":63208,"comment_status":"closed","ping_status":"closed","sticky":false,"template":"","format":"standard","meta":{"footnotes":""},"categories":[49,57,56,64],"tags":[],"class_list":["post-63206","post","type-post","status-publish","format-standard","has-post-thumbnail","hentry","category-topo","category-maringa","category-policial","category-regiao"],"views":36,"_links":{"self":[{"href":"https:\/\/corujaonoticias.com.br\/news\/wp-json\/wp\/v2\/posts\/63206","targetHints":{"allow":["GET"]}}],"collection":[{"href":"https:\/\/corujaonoticias.com.br\/news\/wp-json\/wp\/v2\/posts"}],"about":[{"href":"https:\/\/corujaonoticias.com.br\/news\/wp-json\/wp\/v2\/types\/post"}],"author":[{"embeddable":true,"href":"https:\/\/corujaonoticias.com.br\/news\/wp-json\/wp\/v2\/users\/2"}],"replies":[{"embeddable":true,"href":"https:\/\/corujaonoticias.com.br\/news\/wp-json\/wp\/v2\/comments?post=63206"}],"version-history":[{"count":1,"href":"https:\/\/corujaonoticias.com.br\/news\/wp-json\/wp\/v2\/posts\/63206\/revisions"}],"predecessor-version":[{"id":63209,"href":"https:\/\/corujaonoticias.com.br\/news\/wp-json\/wp\/v2\/posts\/63206\/revisions\/63209"}],"wp:featuredmedia":[{"embeddable":true,"href":"https:\/\/corujaonoticias.com.br\/news\/wp-json\/wp\/v2\/media\/63208"}],"wp:attachment":[{"href":"https:\/\/corujaonoticias.com.br\/news\/wp-json\/wp\/v2\/media?parent=63206"}],"wp:term":[{"taxonomy":"category","embeddable":true,"href":"https:\/\/corujaonoticias.com.br\/news\/wp-json\/wp\/v2\/categories?post=63206"},{"taxonomy":"post_tag","embeddable":true,"href":"https:\/\/corujaonoticias.com.br\/news\/wp-json\/wp\/v2\/tags?post=63206"}],"curies":[{"name":"wp","href":"https:\/\/api.w.org\/{rel}","templated":true}]}}