{"id":63222,"date":"2025-06-27T01:44:01","date_gmt":"2025-06-27T04:44:01","guid":{"rendered":"https:\/\/corujaonoticias.com.br\/news\/?p=63222"},"modified":"2025-06-27T01:44:01","modified_gmt":"2025-06-27T04:44:01","slug":"carro-e-destruido-pelo-fogo-as-margens-da-br-376","status":"publish","type":"post","link":"https:\/\/corujaonoticias.com.br\/news\/carro-e-destruido-pelo-fogo-as-margens-da-br-376\/","title":{"rendered":"Carro \u00e9 destru\u00eddo pelo fogo as margens da BR-376"},"content":{"rendered":"<p>Um inc\u00eandio destruiu completamente um carro na tarde desta quinta-feira, 26, no distrito de Iguatemi, \u00e0s margens da BR-376, em Maring\u00e1. O caso envolveu um Volkswagen Gol, que estava estacionado em frente a uma empresa. De acordo com o propriet\u00e1rio, ele havia acabado de parar o ve\u00edculo e o deixou ligado enquanto entrou no local para tratar de um assunto. Poucos minutos depois, foi alertado de que o carro estava soltando fuma\u00e7a. Ao sair, j\u00e1 encontrou o in\u00edcio do inc\u00eandio.<\/p>\n<p>O dono ainda tentou controlar as chamas com extintores da empresa, mas n\u00e3o conseguiu impedir que o fogo se alastrasse. O Corpo de Bombeiros foi acionado e chegou rapidamente, por\u00e9m o ve\u00edculo j\u00e1 havia sido completamente tomado pelas chamas. Apesar do preju\u00edzo total no autom\u00f3vel, ningu\u00e9m ficou ferido. As causas do inc\u00eandio ainda ser\u00e3o apuradas.<\/p>\n<p>Fonte: GMC ONLINE \/ Foto; Corpo de Bombeiros<\/p>\n<p><img loading=\"lazy\" decoding=\"async\" class=\"alignnone size-medium wp-image-63224\" src=\"https:\/\/corujaonoticias.com.br\/news\/wp-content\/uploads\/2025\/06\/IMG-20250626-WA0508-300x232.jpg\" alt=\"\" width=\"300\" height=\"232\" srcset=\"https:\/\/corujaonoticias.com.br\/news\/wp-content\/uploads\/2025\/06\/IMG-20250626-WA0508-300x232.jpg 300w, https:\/\/corujaonoticias.com.br\/news\/wp-content\/uploads\/2025\/06\/IMG-20250626-WA0508-1024x790.jpg 1024w, https:\/\/corujaonoticias.com.br\/news\/wp-content\/uploads\/2025\/06\/IMG-20250626-WA0508-768x593.jpg 768w, https:\/\/corujaonoticias.com.br\/news\/wp-content\/uploads\/2025\/06\/IMG-20250626-WA0508-990x764.jpg 990w, https:\/\/corujaonoticias.com.br\/news\/wp-content\/uploads\/2025\/06\/IMG-20250626-WA0508.jpg 1200w\" sizes=\"auto, (max-width: 300px) 100vw, 300px\" \/><\/p>\n","protected":false},"excerpt":{"rendered":"<p>Um inc\u00eandio destruiu completamente um carro na tarde desta quinta-feira, 26, no distrito de Iguatemi, \u00e0s margens da BR-376, em Maring\u00e1. O caso envolveu um Volkswagen Gol, que estava estacionado em frente a uma empresa. De acordo com o propriet\u00e1rio, ele havia acabado de parar o ve\u00edculo e o deixou ligado enquanto entrou no local [&hellip;]<\/p>\n","protected":false},"author":2,"featured_media":63224,"comment_status":"closed","ping_status":"closed","sticky":false,"template":"","format":"standard","meta":{"footnotes":""},"categories":[49,57,62],"tags":[],"class_list":["post-63222","post","type-post","status-publish","format-standard","has-post-thumbnail","hentry","category-topo","category-maringa","category-parana"],"views":13,"_links":{"self":[{"href":"https:\/\/corujaonoticias.com.br\/news\/wp-json\/wp\/v2\/posts\/63222","targetHints":{"allow":["GET"]}}],"collection":[{"href":"https:\/\/corujaonoticias.com.br\/news\/wp-json\/wp\/v2\/posts"}],"about":[{"href":"https:\/\/corujaonoticias.com.br\/news\/wp-json\/wp\/v2\/types\/post"}],"author":[{"embeddable":true,"href":"https:\/\/corujaonoticias.com.br\/news\/wp-json\/wp\/v2\/users\/2"}],"replies":[{"embeddable":true,"href":"https:\/\/corujaonoticias.com.br\/news\/wp-json\/wp\/v2\/comments?post=63222"}],"version-history":[{"count":1,"href":"https:\/\/corujaonoticias.com.br\/news\/wp-json\/wp\/v2\/posts\/63222\/revisions"}],"predecessor-version":[{"id":63225,"href":"https:\/\/corujaonoticias.com.br\/news\/wp-json\/wp\/v2\/posts\/63222\/revisions\/63225"}],"wp:featuredmedia":[{"embeddable":true,"href":"https:\/\/corujaonoticias.com.br\/news\/wp-json\/wp\/v2\/media\/63224"}],"wp:attachment":[{"href":"https:\/\/corujaonoticias.com.br\/news\/wp-json\/wp\/v2\/media?parent=63222"}],"wp:term":[{"taxonomy":"category","embeddable":true,"href":"https:\/\/corujaonoticias.com.br\/news\/wp-json\/wp\/v2\/categories?post=63222"},{"taxonomy":"post_tag","embeddable":true,"href":"https:\/\/corujaonoticias.com.br\/news\/wp-json\/wp\/v2\/tags?post=63222"}],"curies":[{"name":"wp","href":"https:\/\/api.w.org\/{rel}","templated":true}]}}