{"id":63232,"date":"2025-06-29T21:16:46","date_gmt":"2025-06-30T00:16:46","guid":{"rendered":"https:\/\/corujaonoticias.com.br\/news\/?p=63232"},"modified":"2025-06-29T21:16:46","modified_gmt":"2025-06-30T00:16:46","slug":"fazendeiro-maringaense-e-vitima-de-latrocinio-na-bahia-o-sepultamento-ira-acontecer-nesta-terca-feira-em-maringa","status":"publish","type":"post","link":"https:\/\/corujaonoticias.com.br\/news\/fazendeiro-maringaense-e-vitima-de-latrocinio-na-bahia-o-sepultamento-ira-acontecer-nesta-terca-feira-em-maringa\/","title":{"rendered":"Fazendeiro maringaense \u00e9 v\u00edtima de latroc\u00ednio na Bahia; o sepultamento ir\u00e1 acontecer nesta ter\u00e7a-feira em Maring\u00e1"},"content":{"rendered":"<p>Ser\u00e1 sepultado na tarde desta ter\u00e7a-feira (29), no Cemit\u00e9rio Municipal de Maring\u00e1, o fazendeiro F\u00e1bio Vieira de Santana, de 47 anos, v\u00edtima de um latroc\u00ednio ocorrido no interior da Bahia. Segundo informa\u00e7\u00f5es de amigos e familiares, o crime aconteceu na noite da \u00faltima sexta-feira (27), na fazenda Mangabeira, localizada no distrito de S\u00edtio do Rio Grande, munic\u00edpio de S\u00e3o Desid\u00e9rio, na regi\u00e3o oeste do estado baiano.<\/p>\n<p>De acordo com os relatos, homens fortemente armados invadiram a propriedade rural e renderam o caseiro. Em seguida, os criminosos foram at\u00e9 a resid\u00eancia principal da fazenda, onde estavam F\u00e1bio e sua fam\u00edlia. Todos foram amorda\u00e7ados e torturados pela quadrilha. Durante a a\u00e7\u00e3o criminosa, F\u00e1bio foi baleado e morreu no local. A esposa dele e outras pessoas conseguiram fugir.<\/p>\n<p>Os bandidos deixaram a propriedade levando uma caminhonete, al\u00e9m de armas de fogo, equipamentos eletr\u00f4nicos e outros objetos de valor. A Pol\u00edcia Civil da Bahia investiga o caso. At\u00e9 o momento, nenhum suspeito foi preso.<\/p>\n<p><img loading=\"lazy\" decoding=\"async\" class=\"alignnone size-medium wp-image-63234\" src=\"https:\/\/corujaonoticias.com.br\/news\/wp-content\/uploads\/2025\/06\/IMG-20250629-WA0463-300x300.jpg\" alt=\"\" width=\"300\" height=\"300\" srcset=\"https:\/\/corujaonoticias.com.br\/news\/wp-content\/uploads\/2025\/06\/IMG-20250629-WA0463-300x300.jpg 300w, https:\/\/corujaonoticias.com.br\/news\/wp-content\/uploads\/2025\/06\/IMG-20250629-WA0463-1024x1022.jpg 1024w, https:\/\/corujaonoticias.com.br\/news\/wp-content\/uploads\/2025\/06\/IMG-20250629-WA0463-150x150.jpg 150w, https:\/\/corujaonoticias.com.br\/news\/wp-content\/uploads\/2025\/06\/IMG-20250629-WA0463-768x766.jpg 768w, https:\/\/corujaonoticias.com.br\/news\/wp-content\/uploads\/2025\/06\/IMG-20250629-WA0463-65x65.jpg 65w, https:\/\/corujaonoticias.com.br\/news\/wp-content\/uploads\/2025\/06\/IMG-20250629-WA0463-990x988.jpg 990w, https:\/\/corujaonoticias.com.br\/news\/wp-content\/uploads\/2025\/06\/IMG-20250629-WA0463-1320x1317.jpg 1320w, https:\/\/corujaonoticias.com.br\/news\/wp-content\/uploads\/2025\/06\/IMG-20250629-WA0463.jpg 1440w\" sizes=\"auto, (max-width: 300px) 100vw, 300px\" \/> <img loading=\"lazy\" decoding=\"async\" class=\"alignnone size-medium wp-image-63235\" src=\"https:\/\/corujaonoticias.com.br\/news\/wp-content\/uploads\/2025\/06\/IMG-20250629-WA0464-300x295.jpg\" alt=\"\" width=\"300\" height=\"295\" srcset=\"https:\/\/corujaonoticias.com.br\/news\/wp-content\/uploads\/2025\/06\/IMG-20250629-WA0464-300x295.jpg 300w, https:\/\/corujaonoticias.com.br\/news\/wp-content\/uploads\/2025\/06\/IMG-20250629-WA0464-1024x1007.jpg 1024w, https:\/\/corujaonoticias.com.br\/news\/wp-content\/uploads\/2025\/06\/IMG-20250629-WA0464-768x755.jpg 768w, https:\/\/corujaonoticias.com.br\/news\/wp-content\/uploads\/2025\/06\/IMG-20250629-WA0464-65x65.jpg 65w, https:\/\/corujaonoticias.com.br\/news\/wp-content\/uploads\/2025\/06\/IMG-20250629-WA0464-990x973.jpg 990w, https:\/\/corujaonoticias.com.br\/news\/wp-content\/uploads\/2025\/06\/IMG-20250629-WA0464.jpg 1290w\" sizes=\"auto, (max-width: 300px) 100vw, 300px\" \/><\/p>\n","protected":false},"excerpt":{"rendered":"<p>Ser\u00e1 sepultado na tarde desta ter\u00e7a-feira (29), no Cemit\u00e9rio Municipal de Maring\u00e1, o fazendeiro F\u00e1bio Vieira de Santana, de 47 anos, v\u00edtima de um latroc\u00ednio ocorrido no interior da Bahia. Segundo informa\u00e7\u00f5es de amigos e familiares, o crime aconteceu na noite da \u00faltima sexta-feira (27), na fazenda Mangabeira, localizada no distrito de S\u00edtio do Rio [&hellip;]<\/p>\n","protected":false},"author":2,"featured_media":63234,"comment_status":"closed","ping_status":"closed","sticky":false,"template":"","format":"standard","meta":{"footnotes":""},"categories":[49,57,62],"tags":[],"class_list":["post-63232","post","type-post","status-publish","format-standard","has-post-thumbnail","hentry","category-topo","category-maringa","category-parana"],"views":130,"_links":{"self":[{"href":"https:\/\/corujaonoticias.com.br\/news\/wp-json\/wp\/v2\/posts\/63232","targetHints":{"allow":["GET"]}}],"collection":[{"href":"https:\/\/corujaonoticias.com.br\/news\/wp-json\/wp\/v2\/posts"}],"about":[{"href":"https:\/\/corujaonoticias.com.br\/news\/wp-json\/wp\/v2\/types\/post"}],"author":[{"embeddable":true,"href":"https:\/\/corujaonoticias.com.br\/news\/wp-json\/wp\/v2\/users\/2"}],"replies":[{"embeddable":true,"href":"https:\/\/corujaonoticias.com.br\/news\/wp-json\/wp\/v2\/comments?post=63232"}],"version-history":[{"count":1,"href":"https:\/\/corujaonoticias.com.br\/news\/wp-json\/wp\/v2\/posts\/63232\/revisions"}],"predecessor-version":[{"id":63236,"href":"https:\/\/corujaonoticias.com.br\/news\/wp-json\/wp\/v2\/posts\/63232\/revisions\/63236"}],"wp:featuredmedia":[{"embeddable":true,"href":"https:\/\/corujaonoticias.com.br\/news\/wp-json\/wp\/v2\/media\/63234"}],"wp:attachment":[{"href":"https:\/\/corujaonoticias.com.br\/news\/wp-json\/wp\/v2\/media?parent=63232"}],"wp:term":[{"taxonomy":"category","embeddable":true,"href":"https:\/\/corujaonoticias.com.br\/news\/wp-json\/wp\/v2\/categories?post=63232"},{"taxonomy":"post_tag","embeddable":true,"href":"https:\/\/corujaonoticias.com.br\/news\/wp-json\/wp\/v2\/tags?post=63232"}],"curies":[{"name":"wp","href":"https:\/\/api.w.org\/{rel}","templated":true}]}}