{"id":63238,"date":"2025-07-02T12:04:06","date_gmt":"2025-07-02T15:04:06","guid":{"rendered":"https:\/\/corujaonoticias.com.br\/news\/?p=63238"},"modified":"2025-07-02T12:04:06","modified_gmt":"2025-07-02T15:04:06","slug":"bope-apreende-grande-quantidade-de-explosivos-em-campo-mourao","status":"publish","type":"post","link":"https:\/\/corujaonoticias.com.br\/news\/bope-apreende-grande-quantidade-de-explosivos-em-campo-mourao\/","title":{"rendered":"BOPE apreende grande quantidade de explosivos em Campo Mour\u00e3o"},"content":{"rendered":"<p>Em uma opera\u00e7\u00e3o complexa, a Pol\u00edcia Militar do Paran\u00e1 (PMPR) por meio do Esquadr\u00e3o Antibombas do Batalh\u00e3o de Opera\u00e7\u00f5es Policiais Especiais (Bope) retirou cerca de 237 kg de explosivos do ve\u00edculo Fiat Toro estacionado na rua das Gl\u00f3rias, no Lar Paran\u00e1, na tarde de ontem. A ocorr\u00eancia mobilizou equipes da Pol\u00edcia Militar, Defesa Civil, Corpo de Bombeiros e Pol\u00edcia Cientifica. Mais de 100 pessoas tiveram que deixar as suas casas nas proximidades do local por conta do risco de explos\u00e3o. Com a conclus\u00e3o da retirada e a neutraliza\u00e7\u00e3o dos riscos, o retorno foi liberado, por volta das 22h30 de ontem, cerca de cinco horas ap\u00f3s o inicio da ocorr\u00eancia.<\/p>\n<p>Uma equipe do 11\u00ba Batalh\u00e3o identificou o autom\u00f3vel suspeito na tarde desta ter\u00e7a e, ao verificar a presen\u00e7a de artefatos explosivos, isolou a \u00e1rea e solicitou apoio da unidade especializada, que foi enviada de Curitiba por aeronave do Governo do Estado. Durante a inspe\u00e7\u00e3o, os policiais localizaram 132 unidades de emuls\u00e3o encartuchada, um tipo de explosivo comercial e seis metros de cordel detonante.<\/p>\n<p>Todo o conte\u00fado foi recolhido pelo Bope e encaminhado \u00e0 an\u00e1lise t\u00e9cnica, que resultar\u00e1 em um relat\u00f3rio oficial para contribui\u00e7\u00e3o nas investiga\u00e7\u00f5es por parte da Pol\u00edcia Civil do Paran\u00e1 (PCPR). Bombeiros e representantes da Defesa Civil tamb\u00e9m participaram dos trabalhos.<\/p>\n<p>Fonte: T\u00e1 Sabendo \/ Fotos; Jo\u00e3o Silvestrin<\/p>\n<p><img loading=\"lazy\" decoding=\"async\" class=\"alignnone size-medium wp-image-63240\" src=\"https:\/\/corujaonoticias.com.br\/news\/wp-content\/uploads\/2025\/07\/IMG-20250702-WA0124-300x167.jpg\" alt=\"\" width=\"300\" height=\"167\" srcset=\"https:\/\/corujaonoticias.com.br\/news\/wp-content\/uploads\/2025\/07\/IMG-20250702-WA0124-300x168.jpg 300w, https:\/\/corujaonoticias.com.br\/news\/wp-content\/uploads\/2025\/07\/IMG-20250702-WA0124-768x427.jpg 768w, https:\/\/corujaonoticias.com.br\/news\/wp-content\/uploads\/2025\/07\/IMG-20250702-WA0124-215x120.jpg 215w, https:\/\/corujaonoticias.com.br\/news\/wp-content\/uploads\/2025\/07\/IMG-20250702-WA0124-414x232.jpg 414w, https:\/\/corujaonoticias.com.br\/news\/wp-content\/uploads\/2025\/07\/IMG-20250702-WA0124.jpg 800w\" sizes=\"auto, (max-width: 300px) 100vw, 300px\" \/> <img loading=\"lazy\" decoding=\"async\" class=\"alignnone size-medium wp-image-63241\" src=\"https:\/\/corujaonoticias.com.br\/news\/wp-content\/uploads\/2025\/07\/IMG-20250702-WA0126-300x200.jpg\" alt=\"\" width=\"300\" height=\"200\" srcset=\"https:\/\/corujaonoticias.com.br\/news\/wp-content\/uploads\/2025\/07\/IMG-20250702-WA0126-300x200.jpg 300w, https:\/\/corujaonoticias.com.br\/news\/wp-content\/uploads\/2025\/07\/IMG-20250702-WA0126-1024x683.jpg 1024w, https:\/\/corujaonoticias.com.br\/news\/wp-content\/uploads\/2025\/07\/IMG-20250702-WA0126-768x512.jpg 768w, https:\/\/corujaonoticias.com.br\/news\/wp-content\/uploads\/2025\/07\/IMG-20250702-WA0126-414x276.jpg 414w, https:\/\/corujaonoticias.com.br\/news\/wp-content\/uploads\/2025\/07\/IMG-20250702-WA0126-470x313.jpg 470w, https:\/\/corujaonoticias.com.br\/news\/wp-content\/uploads\/2025\/07\/IMG-20250702-WA0126-640x426.jpg 640w, https:\/\/corujaonoticias.com.br\/news\/wp-content\/uploads\/2025\/07\/IMG-20250702-WA0126-130x86.jpg 130w, https:\/\/corujaonoticias.com.br\/news\/wp-content\/uploads\/2025\/07\/IMG-20250702-WA0126-187x124.jpg 187w, https:\/\/corujaonoticias.com.br\/news\/wp-content\/uploads\/2025\/07\/IMG-20250702-WA0126-990x660.jpg 990w, https:\/\/corujaonoticias.com.br\/news\/wp-content\/uploads\/2025\/07\/IMG-20250702-WA0126.jpg 1200w\" sizes=\"auto, (max-width: 300px) 100vw, 300px\" \/> <img loading=\"lazy\" decoding=\"async\" class=\"alignnone size-medium wp-image-63242\" src=\"https:\/\/corujaonoticias.com.br\/news\/wp-content\/uploads\/2025\/07\/IMG-20250702-WA0127-300x200.jpg\" alt=\"\" width=\"300\" height=\"200\" srcset=\"https:\/\/corujaonoticias.com.br\/news\/wp-content\/uploads\/2025\/07\/IMG-20250702-WA0127-300x200.jpg 300w, https:\/\/corujaonoticias.com.br\/news\/wp-content\/uploads\/2025\/07\/IMG-20250702-WA0127-1024x683.jpg 1024w, https:\/\/corujaonoticias.com.br\/news\/wp-content\/uploads\/2025\/07\/IMG-20250702-WA0127-768x512.jpg 768w, https:\/\/corujaonoticias.com.br\/news\/wp-content\/uploads\/2025\/07\/IMG-20250702-WA0127-414x276.jpg 414w, https:\/\/corujaonoticias.com.br\/news\/wp-content\/uploads\/2025\/07\/IMG-20250702-WA0127-470x313.jpg 470w, https:\/\/corujaonoticias.com.br\/news\/wp-content\/uploads\/2025\/07\/IMG-20250702-WA0127-640x426.jpg 640w, https:\/\/corujaonoticias.com.br\/news\/wp-content\/uploads\/2025\/07\/IMG-20250702-WA0127-130x86.jpg 130w, https:\/\/corujaonoticias.com.br\/news\/wp-content\/uploads\/2025\/07\/IMG-20250702-WA0127-187x124.jpg 187w, https:\/\/corujaonoticias.com.br\/news\/wp-content\/uploads\/2025\/07\/IMG-20250702-WA0127-990x660.jpg 990w, https:\/\/corujaonoticias.com.br\/news\/wp-content\/uploads\/2025\/07\/IMG-20250702-WA0127.jpg 1200w\" sizes=\"auto, (max-width: 300px) 100vw, 300px\" \/><\/p>\n","protected":false},"excerpt":{"rendered":"<p>Em uma opera\u00e7\u00e3o complexa, a Pol\u00edcia Militar do Paran\u00e1 (PMPR) por meio do Esquadr\u00e3o Antibombas do Batalh\u00e3o de Opera\u00e7\u00f5es Policiais Especiais (Bope) retirou cerca de 237 kg de explosivos do ve\u00edculo Fiat Toro estacionado na rua das Gl\u00f3rias, no Lar Paran\u00e1, na tarde de ontem. A ocorr\u00eancia mobilizou equipes da Pol\u00edcia Militar, Defesa Civil, Corpo [&hellip;]<\/p>\n","protected":false},"author":2,"featured_media":63240,"comment_status":"closed","ping_status":"closed","sticky":false,"template":"","format":"standard","meta":{"footnotes":""},"categories":[49,62,56,64],"tags":[],"class_list":["post-63238","post","type-post","status-publish","format-standard","has-post-thumbnail","hentry","category-topo","category-parana","category-policial","category-regiao"],"views":80,"_links":{"self":[{"href":"https:\/\/corujaonoticias.com.br\/news\/wp-json\/wp\/v2\/posts\/63238","targetHints":{"allow":["GET"]}}],"collection":[{"href":"https:\/\/corujaonoticias.com.br\/news\/wp-json\/wp\/v2\/posts"}],"about":[{"href":"https:\/\/corujaonoticias.com.br\/news\/wp-json\/wp\/v2\/types\/post"}],"author":[{"embeddable":true,"href":"https:\/\/corujaonoticias.com.br\/news\/wp-json\/wp\/v2\/users\/2"}],"replies":[{"embeddable":true,"href":"https:\/\/corujaonoticias.com.br\/news\/wp-json\/wp\/v2\/comments?post=63238"}],"version-history":[{"count":1,"href":"https:\/\/corujaonoticias.com.br\/news\/wp-json\/wp\/v2\/posts\/63238\/revisions"}],"predecessor-version":[{"id":63243,"href":"https:\/\/corujaonoticias.com.br\/news\/wp-json\/wp\/v2\/posts\/63238\/revisions\/63243"}],"wp:featuredmedia":[{"embeddable":true,"href":"https:\/\/corujaonoticias.com.br\/news\/wp-json\/wp\/v2\/media\/63240"}],"wp:attachment":[{"href":"https:\/\/corujaonoticias.com.br\/news\/wp-json\/wp\/v2\/media?parent=63238"}],"wp:term":[{"taxonomy":"category","embeddable":true,"href":"https:\/\/corujaonoticias.com.br\/news\/wp-json\/wp\/v2\/categories?post=63238"},{"taxonomy":"post_tag","embeddable":true,"href":"https:\/\/corujaonoticias.com.br\/news\/wp-json\/wp\/v2\/tags?post=63238"}],"curies":[{"name":"wp","href":"https:\/\/api.w.org\/{rel}","templated":true}]}}