{"id":63269,"date":"2025-07-09T18:39:47","date_gmt":"2025-07-09T21:39:47","guid":{"rendered":"https:\/\/corujaonoticias.com.br\/news\/?p=63269"},"modified":"2025-07-09T18:39:47","modified_gmt":"2025-07-09T21:39:47","slug":"quatro-pessoas-morrem-em-acidentes-nas-rodovias-do-noroeste-do-parana-em-apenas-24-horas","status":"publish","type":"post","link":"https:\/\/corujaonoticias.com.br\/news\/quatro-pessoas-morrem-em-acidentes-nas-rodovias-do-noroeste-do-parana-em-apenas-24-horas\/","title":{"rendered":"Quatro pessoas morrem em acidentes nas rodovias do noroeste do Paran\u00e1 em apenas 24 horas"},"content":{"rendered":"<p>Quatro pessoas perderam a vida em acidentes registrados entre domingo (6) e segunda-feira (7) em rodovias da regi\u00e3o noroeste do Paran\u00e1. As trag\u00e9dias aconteceram nas PR-323 e BR-487, e mobilizaram equipes da Pol\u00edcia Rodovi\u00e1ria Estadual (PRE) e da Pol\u00edcia Rodovi\u00e1ria Federal (PRF).<\/p>\n<p><strong>M\u00e9dico e ex-vereador morre em colis\u00e3o frontal na PR-323<\/strong><\/p>\n<p>O primeiro acidente ocorreu no domingo, na PR-323, em Umuarama, e vitimou o m\u00e9dico pioneiro de Cianorte, Jorge Abou Naban, de 71 anos. Ex-vereador da cidade, ele dirigia um ve\u00edculo Audi Q7, com placas de Londrina, quando colidiu frontalmente com um caminh\u00e3o Volvo.<\/p>\n<p>Segundo a PRE, o m\u00e9dico teria invadido a pista contr\u00e1ria. Com o impacto, Jorge morreu na hora, sem chance de ser socorrido. O caminhoneiro, de 61 anos, saiu ileso. As causas do acidente ser\u00e3o investigadas.<\/p>\n<p><strong>Jovem morre em colis\u00e3o na contram\u00e3o<\/strong><\/p>\n<p>Ainda no domingo, horas depois, outro grave acidente foi registrado na mesma rodovia PR-323, no km 284, por volta das 5h40 da manh\u00e3. A v\u00edtima foi Camila Imaculada Alencar de Carvalho, de 28 anos, que dirigia um Fiat Mobi no sentido Umuarama\u2013Cruzeiro do Oeste.<\/p>\n<p>De acordo com a PRE, Camila seguia na contram\u00e3o pelo acostamento da rodovia quando colidiu de frente com um caminh\u00e3o. Ela ficou presa nas ferragens e morreu na hora. O caminhoneiro n\u00e3o se feriu.<\/p>\n<p><strong>Pai e filho morrem em acidente na \u201cEstrada Boiadeira\u201d<\/strong><\/p>\n<p>Na segunda-feira, um acidente na BR-487, conhecida como Estrada Boiadeira, em Araruna, resultou em mais duas mortes e deixou uma pessoa gravemente ferida. Um VW Gol com tr\u00eas ocupantes seguia no sentido Tuneiras do Oeste quando invadiu a pista contr\u00e1ria e bateu na lateral de um caminh\u00e3o prancha que trafegava em dire\u00e7\u00e3o a Campo Mour\u00e3o.<\/p>\n<p>Ap\u00f3s a colis\u00e3o lateral, o Gol rodou na pista e colidiu frontalmente com um Ford Ka, que vinha logo atr\u00e1s do caminh\u00e3o. O motorista do Gol, de 55 anos, e seu filho, de 21 anos, morreram na hora. A esposa do condutor, que tamb\u00e9m estava no carro, foi resgatada com ferimentos graves e levada ao hospital. O motorista do Ford Ka tamb\u00e9m ficou ferido. Os ocupantes do caminh\u00e3o n\u00e3o sofreram les\u00f5es.<\/p>\n<p>Os tr\u00eas acidentes refor\u00e7am a necessidade de aten\u00e7\u00e3o redobrada nas rodovias da regi\u00e3o. As autoridades alertam para o respeito \u00e0s leis de tr\u00e2nsito e ao limite de velocidade, al\u00e9m da import\u00e2ncia de manter a aten\u00e7\u00e3o constante durante a condu\u00e7\u00e3o.<\/p>\n<p>Reda\u00e7\u00e3o: Al\u00e9cio Martins<\/p>\n<p><img loading=\"lazy\" decoding=\"async\" class=\"alignnone size-medium wp-image-63271\" src=\"https:\/\/corujaonoticias.com.br\/news\/wp-content\/uploads\/2025\/07\/b094a5c4-6052-4752-903a-ba2cff28392d-295x300.webp\" alt=\"\" width=\"295\" height=\"300\" srcset=\"https:\/\/corujaonoticias.com.br\/news\/wp-content\/uploads\/2025\/07\/b094a5c4-6052-4752-903a-ba2cff28392d-295x300.webp 295w, https:\/\/corujaonoticias.com.br\/news\/wp-content\/uploads\/2025\/07\/b094a5c4-6052-4752-903a-ba2cff28392d-768x781.webp 768w, https:\/\/corujaonoticias.com.br\/news\/wp-content\/uploads\/2025\/07\/b094a5c4-6052-4752-903a-ba2cff28392d-65x65.webp 65w, https:\/\/corujaonoticias.com.br\/news\/wp-content\/uploads\/2025\/07\/b094a5c4-6052-4752-903a-ba2cff28392d.webp 800w\" sizes=\"auto, (max-width: 295px) 100vw, 295px\" \/> <img loading=\"lazy\" decoding=\"async\" class=\"alignnone size-medium wp-image-63272\" src=\"https:\/\/corujaonoticias.com.br\/news\/wp-content\/uploads\/2025\/07\/WhatsApp-Image-2025-07-06-at-20.08.11-1200x1307-1-276x300.webp\" alt=\"\" width=\"276\" height=\"300\" srcset=\"https:\/\/corujaonoticias.com.br\/news\/wp-content\/uploads\/2025\/07\/WhatsApp-Image-2025-07-06-at-20.08.11-1200x1307-1-276x300.webp 276w, https:\/\/corujaonoticias.com.br\/news\/wp-content\/uploads\/2025\/07\/WhatsApp-Image-2025-07-06-at-20.08.11-1200x1307-1-768x836.webp 768w, https:\/\/corujaonoticias.com.br\/news\/wp-content\/uploads\/2025\/07\/WhatsApp-Image-2025-07-06-at-20.08.11-1200x1307-1.webp 800w\" sizes=\"auto, (max-width: 276px) 100vw, 276px\" \/> <img loading=\"lazy\" decoding=\"async\" class=\"alignnone size-medium wp-image-63273\" src=\"https:\/\/corujaonoticias.com.br\/news\/wp-content\/uploads\/2025\/07\/Condutor-fica-gravemente-ferido-apos-colisao-na-rodovia-PR-323-1-300x199.webp\" alt=\"\" width=\"300\" height=\"199\" srcset=\"https:\/\/corujaonoticias.com.br\/news\/wp-content\/uploads\/2025\/07\/Condutor-fica-gravemente-ferido-apos-colisao-na-rodovia-PR-323-1-300x200.webp 300w, https:\/\/corujaonoticias.com.br\/news\/wp-content\/uploads\/2025\/07\/Condutor-fica-gravemente-ferido-apos-colisao-na-rodovia-PR-323-1-768x510.webp 768w, https:\/\/corujaonoticias.com.br\/news\/wp-content\/uploads\/2025\/07\/Condutor-fica-gravemente-ferido-apos-colisao-na-rodovia-PR-323-1-414x276.webp 414w, https:\/\/corujaonoticias.com.br\/news\/wp-content\/uploads\/2025\/07\/Condutor-fica-gravemente-ferido-apos-colisao-na-rodovia-PR-323-1-470x313.webp 470w, https:\/\/corujaonoticias.com.br\/news\/wp-content\/uploads\/2025\/07\/Condutor-fica-gravemente-ferido-apos-colisao-na-rodovia-PR-323-1-640x426.webp 640w, https:\/\/corujaonoticias.com.br\/news\/wp-content\/uploads\/2025\/07\/Condutor-fica-gravemente-ferido-apos-colisao-na-rodovia-PR-323-1-130x86.webp 130w, https:\/\/corujaonoticias.com.br\/news\/wp-content\/uploads\/2025\/07\/Condutor-fica-gravemente-ferido-apos-colisao-na-rodovia-PR-323-1-187x124.webp 187w, https:\/\/corujaonoticias.com.br\/news\/wp-content\/uploads\/2025\/07\/Condutor-fica-gravemente-ferido-apos-colisao-na-rodovia-PR-323-1.webp 835w\" sizes=\"auto, (max-width: 300px) 100vw, 300px\" \/> <img loading=\"lazy\" decoding=\"async\" class=\"alignnone size-medium wp-image-63274\" src=\"https:\/\/corujaonoticias.com.br\/news\/wp-content\/uploads\/2025\/07\/images-43-300x168.jpeg\" alt=\"\" width=\"300\" height=\"168\" srcset=\"https:\/\/corujaonoticias.com.br\/news\/wp-content\/uploads\/2025\/07\/images-43-300x168.jpeg 300w, https:\/\/corujaonoticias.com.br\/news\/wp-content\/uploads\/2025\/07\/images-43-470x264.jpeg 470w, https:\/\/corujaonoticias.com.br\/news\/wp-content\/uploads\/2025\/07\/images-43-640x360.jpeg 640w, https:\/\/corujaonoticias.com.br\/news\/wp-content\/uploads\/2025\/07\/images-43-215x120.jpeg 215w, https:\/\/corujaonoticias.com.br\/news\/wp-content\/uploads\/2025\/07\/images-43-414x232.jpeg 414w, https:\/\/corujaonoticias.com.br\/news\/wp-content\/uploads\/2025\/07\/images-43.jpeg 739w\" sizes=\"auto, (max-width: 300px) 100vw, 300px\" \/> <img loading=\"lazy\" decoding=\"async\" class=\"alignnone size-medium wp-image-63275\" src=\"https:\/\/corujaonoticias.com.br\/news\/wp-content\/uploads\/2025\/07\/images-44-300x174.jpeg\" alt=\"\" width=\"300\" height=\"174\" srcset=\"https:\/\/corujaonoticias.com.br\/news\/wp-content\/uploads\/2025\/07\/images-44-300x174.jpeg 300w, https:\/\/corujaonoticias.com.br\/news\/wp-content\/uploads\/2025\/07\/images-44.jpeg 726w\" sizes=\"auto, (max-width: 300px) 100vw, 300px\" \/> <img loading=\"lazy\" decoding=\"async\" class=\"alignnone size-medium wp-image-63276\" src=\"https:\/\/corujaonoticias.com.br\/news\/wp-content\/uploads\/2025\/07\/Condutor-fica-gravemente-ferido-apos-colisao-na-rodovia-PR-323-2-300x199.webp\" alt=\"\" width=\"300\" height=\"199\" srcset=\"https:\/\/corujaonoticias.com.br\/news\/wp-content\/uploads\/2025\/07\/Condutor-fica-gravemente-ferido-apos-colisao-na-rodovia-PR-323-2-300x200.webp 300w, https:\/\/corujaonoticias.com.br\/news\/wp-content\/uploads\/2025\/07\/Condutor-fica-gravemente-ferido-apos-colisao-na-rodovia-PR-323-2-768x510.webp 768w, https:\/\/corujaonoticias.com.br\/news\/wp-content\/uploads\/2025\/07\/Condutor-fica-gravemente-ferido-apos-colisao-na-rodovia-PR-323-2-414x276.webp 414w, https:\/\/corujaonoticias.com.br\/news\/wp-content\/uploads\/2025\/07\/Condutor-fica-gravemente-ferido-apos-colisao-na-rodovia-PR-323-2-470x313.webp 470w, https:\/\/corujaonoticias.com.br\/news\/wp-content\/uploads\/2025\/07\/Condutor-fica-gravemente-ferido-apos-colisao-na-rodovia-PR-323-2-640x426.webp 640w, https:\/\/corujaonoticias.com.br\/news\/wp-content\/uploads\/2025\/07\/Condutor-fica-gravemente-ferido-apos-colisao-na-rodovia-PR-323-2-130x86.webp 130w, https:\/\/corujaonoticias.com.br\/news\/wp-content\/uploads\/2025\/07\/Condutor-fica-gravemente-ferido-apos-colisao-na-rodovia-PR-323-2-187x124.webp 187w, https:\/\/corujaonoticias.com.br\/news\/wp-content\/uploads\/2025\/07\/Condutor-fica-gravemente-ferido-apos-colisao-na-rodovia-PR-323-2.webp 835w\" sizes=\"auto, (max-width: 300px) 100vw, 300px\" \/> <img loading=\"lazy\" decoding=\"async\" class=\"alignnone size-medium wp-image-63277\" src=\"https:\/\/corujaonoticias.com.br\/news\/wp-content\/uploads\/2025\/07\/Condutor-fica-gravemente-ferido-apos-colisao-na-rodovia-PR-323-4-300x200.webp\" alt=\"\" width=\"300\" height=\"200\" srcset=\"https:\/\/corujaonoticias.com.br\/news\/wp-content\/uploads\/2025\/07\/Condutor-fica-gravemente-ferido-apos-colisao-na-rodovia-PR-323-4-300x200.webp 300w, https:\/\/corujaonoticias.com.br\/news\/wp-content\/uploads\/2025\/07\/Condutor-fica-gravemente-ferido-apos-colisao-na-rodovia-PR-323-4-768x512.webp 768w, https:\/\/corujaonoticias.com.br\/news\/wp-content\/uploads\/2025\/07\/Condutor-fica-gravemente-ferido-apos-colisao-na-rodovia-PR-323-4-414x276.webp 414w, https:\/\/corujaonoticias.com.br\/news\/wp-content\/uploads\/2025\/07\/Condutor-fica-gravemente-ferido-apos-colisao-na-rodovia-PR-323-4-470x313.webp 470w, https:\/\/corujaonoticias.com.br\/news\/wp-content\/uploads\/2025\/07\/Condutor-fica-gravemente-ferido-apos-colisao-na-rodovia-PR-323-4-640x426.webp 640w, https:\/\/corujaonoticias.com.br\/news\/wp-content\/uploads\/2025\/07\/Condutor-fica-gravemente-ferido-apos-colisao-na-rodovia-PR-323-4-130x86.webp 130w, https:\/\/corujaonoticias.com.br\/news\/wp-content\/uploads\/2025\/07\/Condutor-fica-gravemente-ferido-apos-colisao-na-rodovia-PR-323-4-187x124.webp 187w, https:\/\/corujaonoticias.com.br\/news\/wp-content\/uploads\/2025\/07\/Condutor-fica-gravemente-ferido-apos-colisao-na-rodovia-PR-323-4.webp 835w\" sizes=\"auto, (max-width: 300px) 100vw, 300px\" \/> <img loading=\"lazy\" decoding=\"async\" class=\"alignnone size-medium wp-image-63278\" src=\"https:\/\/corujaonoticias.com.br\/news\/wp-content\/uploads\/2025\/07\/Condutor-fica-gravemente-ferido-apos-colisao-na-rodovia-PR-323-3-300x200.webp\" alt=\"\" width=\"300\" height=\"200\" srcset=\"https:\/\/corujaonoticias.com.br\/news\/wp-content\/uploads\/2025\/07\/Condutor-fica-gravemente-ferido-apos-colisao-na-rodovia-PR-323-3-300x200.webp 300w, https:\/\/corujaonoticias.com.br\/news\/wp-content\/uploads\/2025\/07\/Condutor-fica-gravemente-ferido-apos-colisao-na-rodovia-PR-323-3-768x512.webp 768w, https:\/\/corujaonoticias.com.br\/news\/wp-content\/uploads\/2025\/07\/Condutor-fica-gravemente-ferido-apos-colisao-na-rodovia-PR-323-3-414x276.webp 414w, https:\/\/corujaonoticias.com.br\/news\/wp-content\/uploads\/2025\/07\/Condutor-fica-gravemente-ferido-apos-colisao-na-rodovia-PR-323-3-470x313.webp 470w, https:\/\/corujaonoticias.com.br\/news\/wp-content\/uploads\/2025\/07\/Condutor-fica-gravemente-ferido-apos-colisao-na-rodovia-PR-323-3-640x426.webp 640w, https:\/\/corujaonoticias.com.br\/news\/wp-content\/uploads\/2025\/07\/Condutor-fica-gravemente-ferido-apos-colisao-na-rodovia-PR-323-3-130x86.webp 130w, https:\/\/corujaonoticias.com.br\/news\/wp-content\/uploads\/2025\/07\/Condutor-fica-gravemente-ferido-apos-colisao-na-rodovia-PR-323-3-187x124.webp 187w, https:\/\/corujaonoticias.com.br\/news\/wp-content\/uploads\/2025\/07\/Condutor-fica-gravemente-ferido-apos-colisao-na-rodovia-PR-323-3.webp 835w\" sizes=\"auto, (max-width: 300px) 100vw, 300px\" \/><\/p>\n","protected":false},"excerpt":{"rendered":"<p>Quatro pessoas perderam a vida em acidentes registrados entre domingo (6) e segunda-feira (7) em rodovias da regi\u00e3o noroeste do Paran\u00e1. As trag\u00e9dias aconteceram nas PR-323 e BR-487, e mobilizaram equipes da Pol\u00edcia Rodovi\u00e1ria Estadual (PRE) e da Pol\u00edcia Rodovi\u00e1ria Federal (PRF). M\u00e9dico e ex-vereador morre em colis\u00e3o frontal na PR-323 O primeiro acidente ocorreu [&hellip;]<\/p>\n","protected":false},"author":2,"featured_media":63277,"comment_status":"closed","ping_status":"closed","sticky":false,"template":"","format":"standard","meta":{"footnotes":""},"categories":[49,62,64],"tags":[],"class_list":["post-63269","post","type-post","status-publish","format-standard","has-post-thumbnail","hentry","category-topo","category-parana","category-regiao"],"views":35,"_links":{"self":[{"href":"https:\/\/corujaonoticias.com.br\/news\/wp-json\/wp\/v2\/posts\/63269","targetHints":{"allow":["GET"]}}],"collection":[{"href":"https:\/\/corujaonoticias.com.br\/news\/wp-json\/wp\/v2\/posts"}],"about":[{"href":"https:\/\/corujaonoticias.com.br\/news\/wp-json\/wp\/v2\/types\/post"}],"author":[{"embeddable":true,"href":"https:\/\/corujaonoticias.com.br\/news\/wp-json\/wp\/v2\/users\/2"}],"replies":[{"embeddable":true,"href":"https:\/\/corujaonoticias.com.br\/news\/wp-json\/wp\/v2\/comments?post=63269"}],"version-history":[{"count":1,"href":"https:\/\/corujaonoticias.com.br\/news\/wp-json\/wp\/v2\/posts\/63269\/revisions"}],"predecessor-version":[{"id":63279,"href":"https:\/\/corujaonoticias.com.br\/news\/wp-json\/wp\/v2\/posts\/63269\/revisions\/63279"}],"wp:featuredmedia":[{"embeddable":true,"href":"https:\/\/corujaonoticias.com.br\/news\/wp-json\/wp\/v2\/media\/63277"}],"wp:attachment":[{"href":"https:\/\/corujaonoticias.com.br\/news\/wp-json\/wp\/v2\/media?parent=63269"}],"wp:term":[{"taxonomy":"category","embeddable":true,"href":"https:\/\/corujaonoticias.com.br\/news\/wp-json\/wp\/v2\/categories?post=63269"},{"taxonomy":"post_tag","embeddable":true,"href":"https:\/\/corujaonoticias.com.br\/news\/wp-json\/wp\/v2\/tags?post=63269"}],"curies":[{"name":"wp","href":"https:\/\/api.w.org\/{rel}","templated":true}]}}