{"id":63314,"date":"2025-07-10T15:02:15","date_gmt":"2025-07-10T18:02:15","guid":{"rendered":"https:\/\/corujaonoticias.com.br\/news\/?p=63314"},"modified":"2025-07-10T15:02:15","modified_gmt":"2025-07-10T18:02:15","slug":"vereador-mario-verri-vota-contra-criacao-de-novos-cargos-comissionados-na-camara-de-maringa","status":"publish","type":"post","link":"https:\/\/corujaonoticias.com.br\/news\/vereador-mario-verri-vota-contra-criacao-de-novos-cargos-comissionados-na-camara-de-maringa\/","title":{"rendered":"Vereador M\u00e1rio Verri vota contra cria\u00e7\u00e3o de novos cargos comissionados na C\u00e2mara de Maring\u00e1"},"content":{"rendered":"<p>O vereador M\u00e1rio Verri (PT) foi um dos parlamentares que votou contra o projeto que cria 25 novos cargos comissionados na C\u00e2mara Municipal de Maring\u00e1. Com 21 anos de atua\u00e7\u00e3o no legislativo, Verri afirmou que n\u00e3o h\u00e1 necessidade real para o aumento no n\u00famero de cargos e destacou que a medida representa um gasto excessivo com a folha de pagamento, comprometendo recursos p\u00fablicos que poderiam ser destinados a \u00e1reas essenciais.<\/p>\n<p>\u201cCriar mais cargos significa aumentar de forma exorbitante ainda mais a folha de pagamento, quando o dinheiro p\u00fablico poderia e deveria ser usado em \u00e1reas que realmente impactam a vida dos maringaenses, como sa\u00fade, educa\u00e7\u00e3o, assist\u00eancia social, esporte, cultura, entre outros\u201d, declarou o vereador.<\/p>\n<p>Mesmo com a possibilidade de contratar um quinto assessor de gabinete, prevista no projeto aprovado e sancionado pelo prefeito, Verri foi categ\u00f3rico ao afirmar que n\u00e3o utilizar\u00e1 essa prerrogativa. \u201cN\u00e3o vou contratar esse quinto assessor\u201d, garantiu.<\/p>\n<p>A decis\u00e3o do vereador refor\u00e7a uma postura cr\u00edtica em rela\u00e7\u00e3o ao uso dos recursos p\u00fablicos e \u00e0 necessidade de prioriza\u00e7\u00e3o de investimentos em pol\u00edticas p\u00fablicas que atendam diretamente \u00e0 popula\u00e7\u00e3o.<\/p>\n<p>Reda\u00e7\u00e3o &#8211; Coruj\u00e3o Not\u00edcias<\/p>\n","protected":false},"excerpt":{"rendered":"<p>O vereador M\u00e1rio Verri (PT) foi um dos parlamentares que votou contra o projeto que cria 25 novos cargos comissionados na C\u00e2mara Municipal de Maring\u00e1. Com 21 anos de atua\u00e7\u00e3o no legislativo, Verri afirmou que n\u00e3o h\u00e1 necessidade real para o aumento no n\u00famero de cargos e destacou que a medida representa um gasto excessivo [&hellip;]<\/p>\n","protected":false},"author":2,"featured_media":63316,"comment_status":"closed","ping_status":"closed","sticky":false,"template":"","format":"standard","meta":{"footnotes":""},"categories":[57,68],"tags":[],"class_list":["post-63314","post","type-post","status-publish","format-standard","has-post-thumbnail","hentry","category-maringa","category-politica"],"views":22,"_links":{"self":[{"href":"https:\/\/corujaonoticias.com.br\/news\/wp-json\/wp\/v2\/posts\/63314","targetHints":{"allow":["GET"]}}],"collection":[{"href":"https:\/\/corujaonoticias.com.br\/news\/wp-json\/wp\/v2\/posts"}],"about":[{"href":"https:\/\/corujaonoticias.com.br\/news\/wp-json\/wp\/v2\/types\/post"}],"author":[{"embeddable":true,"href":"https:\/\/corujaonoticias.com.br\/news\/wp-json\/wp\/v2\/users\/2"}],"replies":[{"embeddable":true,"href":"https:\/\/corujaonoticias.com.br\/news\/wp-json\/wp\/v2\/comments?post=63314"}],"version-history":[{"count":1,"href":"https:\/\/corujaonoticias.com.br\/news\/wp-json\/wp\/v2\/posts\/63314\/revisions"}],"predecessor-version":[{"id":63317,"href":"https:\/\/corujaonoticias.com.br\/news\/wp-json\/wp\/v2\/posts\/63314\/revisions\/63317"}],"wp:featuredmedia":[{"embeddable":true,"href":"https:\/\/corujaonoticias.com.br\/news\/wp-json\/wp\/v2\/media\/63316"}],"wp:attachment":[{"href":"https:\/\/corujaonoticias.com.br\/news\/wp-json\/wp\/v2\/media?parent=63314"}],"wp:term":[{"taxonomy":"category","embeddable":true,"href":"https:\/\/corujaonoticias.com.br\/news\/wp-json\/wp\/v2\/categories?post=63314"},{"taxonomy":"post_tag","embeddable":true,"href":"https:\/\/corujaonoticias.com.br\/news\/wp-json\/wp\/v2\/tags?post=63314"}],"curies":[{"name":"wp","href":"https:\/\/api.w.org\/{rel}","templated":true}]}}