{"id":63318,"date":"2025-07-10T15:32:07","date_gmt":"2025-07-10T18:32:07","guid":{"rendered":"https:\/\/corujaonoticias.com.br\/news\/?p=63318"},"modified":"2025-07-10T15:32:07","modified_gmt":"2025-07-10T18:32:07","slug":"vereador-junior-bravin-propoe-inclusao-de-muros-e-placas-solares-em-novas-casas-populares-de-maringa","status":"publish","type":"post","link":"https:\/\/corujaonoticias.com.br\/news\/vereador-junior-bravin-propoe-inclusao-de-muros-e-placas-solares-em-novas-casas-populares-de-maringa\/","title":{"rendered":"Vereador J\u00fanior Bravin prop\u00f5e inclus\u00e3o de muros e placas solares em novas casas populares de Maring\u00e1"},"content":{"rendered":"<p>O vereador maringaense J\u00fanior Bravin, do Partido Progressistas (PP), apresentou durante sess\u00e3o na C\u00e2mara Municipal de Maring\u00e1 um requerimento direcionado ao prefeito da cidade, Silvio Barros, tamb\u00e9m do PP, solicitando melhorias nas novas casas populares que est\u00e3o sendo constru\u00eddas pela Prefeitura. Bravin prop\u00f5e que, al\u00e9m da estrutura habitacional, as resid\u00eancias sejam entregues j\u00e1 com muros constru\u00eddos e placas solares instaladas. Segundo ele, os muros trar\u00e3o mais seguran\u00e7a aos futuros moradores, enquanto a energia solar poder\u00e1 gerar economia significativa na conta de luz das fam\u00edlias beneficiadas, que em sua maioria vivem em situa\u00e7\u00e3o de vulnerabilidade social.<\/p>\n<p>\u201cO objetivo \u00e9 garantir mais dignidade, seguran\u00e7a e economia para quem mais precisa\u201d, justificou o vereador.<\/p>\n<p>Reda\u00e7\u00e3o &#8211; Coruj\u00e3o Not\u00edcias<\/p>\n<p><img loading=\"lazy\" decoding=\"async\" class=\"alignnone size-medium wp-image-63320\" src=\"https:\/\/corujaonoticias.com.br\/news\/wp-content\/uploads\/2025\/07\/images-46-240x300.jpeg\" alt=\"\" width=\"240\" height=\"300\" srcset=\"https:\/\/corujaonoticias.com.br\/news\/wp-content\/uploads\/2025\/07\/images-46-240x300.jpeg 240w, https:\/\/corujaonoticias.com.br\/news\/wp-content\/uploads\/2025\/07\/images-46.jpeg 495w\" sizes=\"auto, (max-width: 240px) 100vw, 240px\" \/><\/p>\n<p>&nbsp;<\/p>\n","protected":false},"excerpt":{"rendered":"<p>O vereador maringaense J\u00fanior Bravin, do Partido Progressistas (PP), apresentou durante sess\u00e3o na C\u00e2mara Municipal de Maring\u00e1 um requerimento direcionado ao prefeito da cidade, Silvio Barros, tamb\u00e9m do PP, solicitando melhorias nas novas casas populares que est\u00e3o sendo constru\u00eddas pela Prefeitura. Bravin prop\u00f5e que, al\u00e9m da estrutura habitacional, as resid\u00eancias sejam entregues j\u00e1 com muros [&hellip;]<\/p>\n","protected":false},"author":2,"featured_media":63320,"comment_status":"closed","ping_status":"closed","sticky":false,"template":"","format":"standard","meta":{"footnotes":""},"categories":[49,57,68],"tags":[],"class_list":["post-63318","post","type-post","status-publish","format-standard","has-post-thumbnail","hentry","category-topo","category-maringa","category-politica"],"views":50,"_links":{"self":[{"href":"https:\/\/corujaonoticias.com.br\/news\/wp-json\/wp\/v2\/posts\/63318","targetHints":{"allow":["GET"]}}],"collection":[{"href":"https:\/\/corujaonoticias.com.br\/news\/wp-json\/wp\/v2\/posts"}],"about":[{"href":"https:\/\/corujaonoticias.com.br\/news\/wp-json\/wp\/v2\/types\/post"}],"author":[{"embeddable":true,"href":"https:\/\/corujaonoticias.com.br\/news\/wp-json\/wp\/v2\/users\/2"}],"replies":[{"embeddable":true,"href":"https:\/\/corujaonoticias.com.br\/news\/wp-json\/wp\/v2\/comments?post=63318"}],"version-history":[{"count":1,"href":"https:\/\/corujaonoticias.com.br\/news\/wp-json\/wp\/v2\/posts\/63318\/revisions"}],"predecessor-version":[{"id":63321,"href":"https:\/\/corujaonoticias.com.br\/news\/wp-json\/wp\/v2\/posts\/63318\/revisions\/63321"}],"wp:featuredmedia":[{"embeddable":true,"href":"https:\/\/corujaonoticias.com.br\/news\/wp-json\/wp\/v2\/media\/63320"}],"wp:attachment":[{"href":"https:\/\/corujaonoticias.com.br\/news\/wp-json\/wp\/v2\/media?parent=63318"}],"wp:term":[{"taxonomy":"category","embeddable":true,"href":"https:\/\/corujaonoticias.com.br\/news\/wp-json\/wp\/v2\/categories?post=63318"},{"taxonomy":"post_tag","embeddable":true,"href":"https:\/\/corujaonoticias.com.br\/news\/wp-json\/wp\/v2\/tags?post=63318"}],"curies":[{"name":"wp","href":"https:\/\/api.w.org\/{rel}","templated":true}]}}