{"id":63323,"date":"2025-07-10T16:01:27","date_gmt":"2025-07-10T19:01:27","guid":{"rendered":"https:\/\/corujaonoticias.com.br\/news\/?p=63323"},"modified":"2025-07-10T16:01:27","modified_gmt":"2025-07-10T19:01:27","slug":"deputado-adriano-jose-anuncia-investimento-de-r-1-milhao-em-saude-durante-visita-a-mandaguacu","status":"publish","type":"post","link":"https:\/\/corujaonoticias.com.br\/news\/deputado-adriano-jose-anuncia-investimento-de-r-1-milhao-em-saude-durante-visita-a-mandaguacu\/","title":{"rendered":"Deputado Adriano Jos\u00e9 anuncia investimento de R$ 1 milh\u00e3o em sa\u00fade durante visita a Mandagua\u00e7u"},"content":{"rendered":"<p>O deputado estadual Adriano Jos\u00e9 (PP) esteve em Mandagua\u00e7u na tarde desta quinta-feira (10), acompanhado do deputado federal licenciado e atual secret\u00e1rio de Estado da Sa\u00fade do Paran\u00e1, Beto Preto. A comitiva foi recepcionada na sede da prefeitura pelo prefeito Beto Dentista, vice prefeito Jo\u00e3o Do Alto, pelos vereadores Alessandro Manzano e Luci Amorim, al\u00e9m de secret\u00e1rios, diversas lideran\u00e7as locais, regionais e autoridades pol\u00edticas.<\/p>\n<p>Durante o encontro, foi anunciado um importante investimento de R$ 1 milh\u00e3o na \u00e1rea da sa\u00fade, voltado para o atendimento da popula\u00e7\u00e3o do Distrito de Pulin\u00f3polis, da Vila Guadiana e de todo o munic\u00edpio de Mandagua\u00e7u.<\/p>\n<p>O deputado Adriano Jos\u00e9 destacou que os recursos representam um avan\u00e7o significativo para a sa\u00fade p\u00fablica local e refor\u00e7ou seu compromisso com os munic\u00edpios do interior. Ele tamb\u00e9m elogiou a atua\u00e7\u00e3o do governador Ratinho J\u00fanior e do secret\u00e1rio Beto Preto pela prioriza\u00e7\u00e3o de investimentos estrat\u00e9gicos no setor da sa\u00fade em todo o estado.<\/p>\n<p>\u201cEsses recursos v\u00e3o beneficiar diretamente milhares de paranaenses e refor\u00e7am o cuidado que estamos tendo com a sa\u00fade no interior do Paran\u00e1\u201d, afirmou Adriano Jos\u00e9.<\/p>\n<p>Reda\u00e7\u00e3o: Coruj\u00e3o Not\u00edcias<\/p>\n<p><img loading=\"lazy\" decoding=\"async\" class=\"alignnone size-medium wp-image-63325\" src=\"https:\/\/corujaonoticias.com.br\/news\/wp-content\/uploads\/2025\/07\/IMG-20250710-WA0196-300x225.jpg\" alt=\"\" width=\"300\" height=\"225\" srcset=\"https:\/\/corujaonoticias.com.br\/news\/wp-content\/uploads\/2025\/07\/IMG-20250710-WA0196-300x225.jpg 300w, https:\/\/corujaonoticias.com.br\/news\/wp-content\/uploads\/2025\/07\/IMG-20250710-WA0196-1024x768.jpg 1024w, https:\/\/corujaonoticias.com.br\/news\/wp-content\/uploads\/2025\/07\/IMG-20250710-WA0196-768x576.jpg 768w, https:\/\/corujaonoticias.com.br\/news\/wp-content\/uploads\/2025\/07\/IMG-20250710-WA0196-1536x1152.jpg 1536w, https:\/\/corujaonoticias.com.br\/news\/wp-content\/uploads\/2025\/07\/IMG-20250710-WA0196-74x55.jpg 74w, https:\/\/corujaonoticias.com.br\/news\/wp-content\/uploads\/2025\/07\/IMG-20250710-WA0196-111x83.jpg 111w, https:\/\/corujaonoticias.com.br\/news\/wp-content\/uploads\/2025\/07\/IMG-20250710-WA0196-215x161.jpg 215w, https:\/\/corujaonoticias.com.br\/news\/wp-content\/uploads\/2025\/07\/IMG-20250710-WA0196-990x743.jpg 990w, https:\/\/corujaonoticias.com.br\/news\/wp-content\/uploads\/2025\/07\/IMG-20250710-WA0196-1320x990.jpg 1320w, https:\/\/corujaonoticias.com.br\/news\/wp-content\/uploads\/2025\/07\/IMG-20250710-WA0196.jpg 1600w\" sizes=\"auto, (max-width: 300px) 100vw, 300px\" \/> <img loading=\"lazy\" decoding=\"async\" class=\"alignnone size-medium wp-image-63326\" src=\"https:\/\/corujaonoticias.com.br\/news\/wp-content\/uploads\/2025\/07\/IMG-20250710-WA0197-300x225.jpg\" alt=\"\" width=\"300\" height=\"225\" srcset=\"https:\/\/corujaonoticias.com.br\/news\/wp-content\/uploads\/2025\/07\/IMG-20250710-WA0197-300x225.jpg 300w, https:\/\/corujaonoticias.com.br\/news\/wp-content\/uploads\/2025\/07\/IMG-20250710-WA0197-1024x768.jpg 1024w, https:\/\/corujaonoticias.com.br\/news\/wp-content\/uploads\/2025\/07\/IMG-20250710-WA0197-768x576.jpg 768w, https:\/\/corujaonoticias.com.br\/news\/wp-content\/uploads\/2025\/07\/IMG-20250710-WA0197-1536x1152.jpg 1536w, https:\/\/corujaonoticias.com.br\/news\/wp-content\/uploads\/2025\/07\/IMG-20250710-WA0197-74x55.jpg 74w, https:\/\/corujaonoticias.com.br\/news\/wp-content\/uploads\/2025\/07\/IMG-20250710-WA0197-111x83.jpg 111w, https:\/\/corujaonoticias.com.br\/news\/wp-content\/uploads\/2025\/07\/IMG-20250710-WA0197-215x161.jpg 215w, https:\/\/corujaonoticias.com.br\/news\/wp-content\/uploads\/2025\/07\/IMG-20250710-WA0197-990x743.jpg 990w, https:\/\/corujaonoticias.com.br\/news\/wp-content\/uploads\/2025\/07\/IMG-20250710-WA0197-1320x990.jpg 1320w, https:\/\/corujaonoticias.com.br\/news\/wp-content\/uploads\/2025\/07\/IMG-20250710-WA0197.jpg 1600w\" sizes=\"auto, (max-width: 300px) 100vw, 300px\" \/> <img loading=\"lazy\" decoding=\"async\" class=\"alignnone size-medium wp-image-63327\" src=\"https:\/\/corujaonoticias.com.br\/news\/wp-content\/uploads\/2025\/07\/IMG-20250710-WA0194-300x225.jpg\" alt=\"\" width=\"300\" height=\"225\" srcset=\"https:\/\/corujaonoticias.com.br\/news\/wp-content\/uploads\/2025\/07\/IMG-20250710-WA0194-300x225.jpg 300w, https:\/\/corujaonoticias.com.br\/news\/wp-content\/uploads\/2025\/07\/IMG-20250710-WA0194-1024x768.jpg 1024w, https:\/\/corujaonoticias.com.br\/news\/wp-content\/uploads\/2025\/07\/IMG-20250710-WA0194-768x576.jpg 768w, https:\/\/corujaonoticias.com.br\/news\/wp-content\/uploads\/2025\/07\/IMG-20250710-WA0194-1536x1152.jpg 1536w, https:\/\/corujaonoticias.com.br\/news\/wp-content\/uploads\/2025\/07\/IMG-20250710-WA0194-74x55.jpg 74w, https:\/\/corujaonoticias.com.br\/news\/wp-content\/uploads\/2025\/07\/IMG-20250710-WA0194-111x83.jpg 111w, https:\/\/corujaonoticias.com.br\/news\/wp-content\/uploads\/2025\/07\/IMG-20250710-WA0194-215x161.jpg 215w, https:\/\/corujaonoticias.com.br\/news\/wp-content\/uploads\/2025\/07\/IMG-20250710-WA0194-990x743.jpg 990w, https:\/\/corujaonoticias.com.br\/news\/wp-content\/uploads\/2025\/07\/IMG-20250710-WA0194-1320x990.jpg 1320w, https:\/\/corujaonoticias.com.br\/news\/wp-content\/uploads\/2025\/07\/IMG-20250710-WA0194.jpg 1600w\" sizes=\"auto, (max-width: 300px) 100vw, 300px\" \/><\/p>\n","protected":false},"excerpt":{"rendered":"<p>O deputado estadual Adriano Jos\u00e9 (PP) esteve em Mandagua\u00e7u na tarde desta quinta-feira (10), acompanhado do deputado federal licenciado e atual secret\u00e1rio de Estado da Sa\u00fade do Paran\u00e1, Beto Preto. A comitiva foi recepcionada na sede da prefeitura pelo prefeito Beto Dentista, vice prefeito Jo\u00e3o Do Alto, pelos vereadores Alessandro Manzano e Luci Amorim, al\u00e9m [&hellip;]<\/p>\n","protected":false},"author":2,"featured_media":63326,"comment_status":"closed","ping_status":"closed","sticky":false,"template":"","format":"standard","meta":{"footnotes":""},"categories":[49,62,68,64],"tags":[],"class_list":["post-63323","post","type-post","status-publish","format-standard","has-post-thumbnail","hentry","category-topo","category-parana","category-politica","category-regiao"],"views":22,"_links":{"self":[{"href":"https:\/\/corujaonoticias.com.br\/news\/wp-json\/wp\/v2\/posts\/63323","targetHints":{"allow":["GET"]}}],"collection":[{"href":"https:\/\/corujaonoticias.com.br\/news\/wp-json\/wp\/v2\/posts"}],"about":[{"href":"https:\/\/corujaonoticias.com.br\/news\/wp-json\/wp\/v2\/types\/post"}],"author":[{"embeddable":true,"href":"https:\/\/corujaonoticias.com.br\/news\/wp-json\/wp\/v2\/users\/2"}],"replies":[{"embeddable":true,"href":"https:\/\/corujaonoticias.com.br\/news\/wp-json\/wp\/v2\/comments?post=63323"}],"version-history":[{"count":1,"href":"https:\/\/corujaonoticias.com.br\/news\/wp-json\/wp\/v2\/posts\/63323\/revisions"}],"predecessor-version":[{"id":63328,"href":"https:\/\/corujaonoticias.com.br\/news\/wp-json\/wp\/v2\/posts\/63323\/revisions\/63328"}],"wp:featuredmedia":[{"embeddable":true,"href":"https:\/\/corujaonoticias.com.br\/news\/wp-json\/wp\/v2\/media\/63326"}],"wp:attachment":[{"href":"https:\/\/corujaonoticias.com.br\/news\/wp-json\/wp\/v2\/media?parent=63323"}],"wp:term":[{"taxonomy":"category","embeddable":true,"href":"https:\/\/corujaonoticias.com.br\/news\/wp-json\/wp\/v2\/categories?post=63323"},{"taxonomy":"post_tag","embeddable":true,"href":"https:\/\/corujaonoticias.com.br\/news\/wp-json\/wp\/v2\/tags?post=63323"}],"curies":[{"name":"wp","href":"https:\/\/api.w.org\/{rel}","templated":true}]}}