{"id":63505,"date":"2025-07-21T11:40:05","date_gmt":"2025-07-21T14:40:05","guid":{"rendered":"https:\/\/corujaonoticias.com.br\/news\/?p=63505"},"modified":"2025-07-21T11:40:05","modified_gmt":"2025-07-21T14:40:05","slug":"deputado-elton-welter-em-parceria-com-mario-verri-destinam-mais-de-16-milhoes-para-municipios-da-regiao-noroeste","status":"publish","type":"post","link":"https:\/\/corujaonoticias.com.br\/news\/deputado-elton-welter-em-parceria-com-mario-verri-destinam-mais-de-16-milhoes-para-municipios-da-regiao-noroeste\/","title":{"rendered":"Deputado Elton Welter em parceria com Mario Verri destinam mais de 16 milh\u00f5es para munic\u00edpios da regi\u00e3o noroeste"},"content":{"rendered":"<p>O deputado federal <strong>Elton Welter (PT)<\/strong> j\u00e1 destinou mais de R$ 16 milh\u00f5es em recursos federais para 44 munic\u00edpios do Noroeste do Paran\u00e1, incluindo Maring\u00e1. O montante contempla R$ 6,4 milh\u00f5es em recursos livres, que podem ser aplicados conforme as prioridades locais, e mais de R$ 10 milh\u00f5es voltados \u00e0 \u00e1rea da Sa\u00fade, beneficiando desde a aten\u00e7\u00e3o b\u00e1sica at\u00e9 hospitais, al\u00e9m da aquisi\u00e7\u00e3o de equipamentos. Em Maring\u00e1 e regi\u00e3o, Welter conta com a parceria do <strong>vereador Mario Verri,<\/strong> que tem atuado na articula\u00e7\u00e3o de demandas e na defini\u00e7\u00e3o de estrat\u00e9gias de desenvolvimento regional. \u201cOs recursos viabilizados tamb\u00e9m contemplam outras \u00e1reas estrat\u00e9gicas, como o Esporte, com obras e investimentos em infraestrutura esportiva\u201d, refor\u00e7a o maringaense.<\/p>\n<p>Al\u00e9m de Maring\u00e1, os investimentos atendem munic\u00edpios como Sarandi, Pai\u00e7andu, Mandagua\u00e7u, Nova Esperan\u00e7a, Astorga, Flora\u00ed, Santa F\u00e9, Colorado, Iguara\u00e7u, entre outros da regi\u00e3o da Amusep \u2014 Associa\u00e7\u00e3o dos Munic\u00edpios do Setentri\u00e3o Paranaense.<\/p>\n<p>\u201cO fortalecimento do Paran\u00e1 passa pela nossa articula\u00e7\u00e3o pol\u00edtica em Bras\u00edlia e pelo olhar atento \u00e0 descentraliza\u00e7\u00e3o dos recursos. Cidades maiores dependem de investimentos federais, mas os munic\u00edpios menores dependem ainda mais\u201d, afirma Welter.<\/p>\n<p><strong>Suplente\u00a0<\/strong><\/p>\n<p>Desde que assumiu o mandato como suplente do ex-deputado Enio Verri \u2014 atual diretor-presidente da Itaipu Binacional \u2014, Welter tem conduzido um trabalho de continuidade e fortalecimento da representa\u00e7\u00e3o da regi\u00e3o no Congresso Nacional.<\/p>\n<p>\u201cEstamos honrando esse papel com di\u00e1logo e responsabilidade. Os recursos que viabilizamos chegam a quem mais precisa e ajudam a desenvolver os munic\u00edpios\u201d, afirma o deputado.<\/p>\n<p>*Agricultura familiar fortalecida*<br \/>\nCom forte presen\u00e7a no interior do Estado e atua\u00e7\u00e3o voltada \u00e0 inclus\u00e3o social, Welter reafirma o compromisso do Partido dos Trabalhadores com um desenvolvimento justo e sustent\u00e1vel para o Paran\u00e1. Sua trajet\u00f3ria est\u00e1 diretamente ligada aos movimentos sociais e \u00e0 luta pela reforma agr\u00e1ria. Atualmente, o deputado \u00e9 membro ativo da Bancada da Agricultura Familiar na C\u00e2mara dos Deputados.<\/p>\n<p>A atua\u00e7\u00e3o parlamentar de Welter \u00e9 direcionada ao fortalecimento da produ\u00e7\u00e3o agr\u00edcola de base familiar, com foco em pol\u00edticas p\u00fablicas espec\u00edficas, acesso ao cr\u00e9dito, assist\u00eancia t\u00e9cnica e inser\u00e7\u00e3o dos pequenos produtores nos mercados.<\/p>\n<p>Reda\u00e7\u00e3o: Assessoria Parlamentar<\/p>\n","protected":false},"excerpt":{"rendered":"<p>O deputado federal Elton Welter (PT) j\u00e1 destinou mais de R$ 16 milh\u00f5es em recursos federais para 44 munic\u00edpios do Noroeste do Paran\u00e1, incluindo Maring\u00e1. O montante contempla R$ 6,4 milh\u00f5es em recursos livres, que podem ser aplicados conforme as prioridades locais, e mais de R$ 10 milh\u00f5es voltados \u00e0 \u00e1rea da Sa\u00fade, beneficiando desde [&hellip;]<\/p>\n","protected":false},"author":2,"featured_media":63508,"comment_status":"closed","ping_status":"closed","sticky":false,"template":"","format":"standard","meta":{"footnotes":""},"categories":[49,62,68],"tags":[],"class_list":["post-63505","post","type-post","status-publish","format-standard","has-post-thumbnail","hentry","category-topo","category-parana","category-politica"],"views":29,"_links":{"self":[{"href":"https:\/\/corujaonoticias.com.br\/news\/wp-json\/wp\/v2\/posts\/63505","targetHints":{"allow":["GET"]}}],"collection":[{"href":"https:\/\/corujaonoticias.com.br\/news\/wp-json\/wp\/v2\/posts"}],"about":[{"href":"https:\/\/corujaonoticias.com.br\/news\/wp-json\/wp\/v2\/types\/post"}],"author":[{"embeddable":true,"href":"https:\/\/corujaonoticias.com.br\/news\/wp-json\/wp\/v2\/users\/2"}],"replies":[{"embeddable":true,"href":"https:\/\/corujaonoticias.com.br\/news\/wp-json\/wp\/v2\/comments?post=63505"}],"version-history":[{"count":2,"href":"https:\/\/corujaonoticias.com.br\/news\/wp-json\/wp\/v2\/posts\/63505\/revisions"}],"predecessor-version":[{"id":63509,"href":"https:\/\/corujaonoticias.com.br\/news\/wp-json\/wp\/v2\/posts\/63505\/revisions\/63509"}],"wp:featuredmedia":[{"embeddable":true,"href":"https:\/\/corujaonoticias.com.br\/news\/wp-json\/wp\/v2\/media\/63508"}],"wp:attachment":[{"href":"https:\/\/corujaonoticias.com.br\/news\/wp-json\/wp\/v2\/media?parent=63505"}],"wp:term":[{"taxonomy":"category","embeddable":true,"href":"https:\/\/corujaonoticias.com.br\/news\/wp-json\/wp\/v2\/categories?post=63505"},{"taxonomy":"post_tag","embeddable":true,"href":"https:\/\/corujaonoticias.com.br\/news\/wp-json\/wp\/v2\/tags?post=63505"}],"curies":[{"name":"wp","href":"https:\/\/api.w.org\/{rel}","templated":true}]}}