{"id":63548,"date":"2025-07-28T09:36:41","date_gmt":"2025-07-28T12:36:41","guid":{"rendered":"https:\/\/corujaonoticias.com.br\/news\/?p=63548"},"modified":"2025-07-28T09:36:41","modified_gmt":"2025-07-28T12:36:41","slug":"jovem-e-executado-com-mais-de-20-tiros-dentro-de-casa-em-maringa-enteada-tambem-foi-baleada","status":"publish","type":"post","link":"https:\/\/corujaonoticias.com.br\/news\/jovem-e-executado-com-mais-de-20-tiros-dentro-de-casa-em-maringa-enteada-tambem-foi-baleada\/","title":{"rendered":"Jovem \u00e9 executado com mais de 20 tiros dentro de casa em Maring\u00e1; enteada tamb\u00e9m foi baleada"},"content":{"rendered":"<p>A Divis\u00e3o de Homic\u00eddios e Prote\u00e7\u00e3o \u00e0 Pessoa (DHPP) da Pol\u00edcia Civil de Maring\u00e1 j\u00e1 deu in\u00edcio \u00e0s investiga\u00e7\u00f5es sobre o assassinato de Gabriel Valentim Correia, de 26 anos, ocorrido na madrugada desta segunda-feira (28) no Conjunto Carina, bairro localizado na Zona Norte da cidade. De acordo com informa\u00e7\u00f5es apuradas pela reportagem, a v\u00edtima estava em sua resid\u00eancia, na companhia de outras pessoas, quando o im\u00f3vel foi invadido por dois homens armados com pistolas calibres 9mm e .380. Assim que abriu a porta para verificar movimenta\u00e7\u00f5es no quintal, Gabriel foi surpreendido pelos criminosos e atingido por mais de 20 disparos, a maioria concentrada na regi\u00e3o do t\u00f3rax e da cabe\u00e7a. Ele morreu no local.<\/p>\n<p>Durante a a\u00e7\u00e3o criminosa, a enteada de Gabriel, que dormia em um dos quartos da casa, tamb\u00e9m foi baleada. Um dos criminosos foi at\u00e9 o c\u00f4modo e atirou quatro vezes contra a jovem, que acabou sendo atingida em uma das pernas. Ela foi socorrida e encaminhada ao hospital, onde permanece fora de perigo. Ap\u00f3s o crime, os autores fugiram e ainda n\u00e3o foram identificados. A Pol\u00edcia Militar isolou a cena para o trabalho da per\u00edcia t\u00e9cnica, enquanto a Pol\u00edcia Civil busca informa\u00e7\u00f5es que levem \u00e0 autoria e motiva\u00e7\u00e3o do homic\u00eddio.<\/p>\n<p>A v\u00edtima era natural do estado de S\u00e3o Paulo e, at\u00e9 o momento, n\u00e3o havia registros de antecedentes divulgados.<\/p>\n<p>Reda\u00e7\u00e3o: Al\u00e9cio Martins<\/p>\n","protected":false},"excerpt":{"rendered":"<p>A Divis\u00e3o de Homic\u00eddios e Prote\u00e7\u00e3o \u00e0 Pessoa (DHPP) da Pol\u00edcia Civil de Maring\u00e1 j\u00e1 deu in\u00edcio \u00e0s investiga\u00e7\u00f5es sobre o assassinato de Gabriel Valentim Correia, de 26 anos, ocorrido na madrugada desta segunda-feira (28) no Conjunto Carina, bairro localizado na Zona Norte da cidade. De acordo com informa\u00e7\u00f5es apuradas pela reportagem, a v\u00edtima estava [&hellip;]<\/p>\n","protected":false},"author":2,"featured_media":63550,"comment_status":"closed","ping_status":"closed","sticky":false,"template":"","format":"standard","meta":{"footnotes":""},"categories":[49,57,56],"tags":[],"class_list":["post-63548","post","type-post","status-publish","format-standard","has-post-thumbnail","hentry","category-topo","category-maringa","category-policial"],"views":1776,"_links":{"self":[{"href":"https:\/\/corujaonoticias.com.br\/news\/wp-json\/wp\/v2\/posts\/63548","targetHints":{"allow":["GET"]}}],"collection":[{"href":"https:\/\/corujaonoticias.com.br\/news\/wp-json\/wp\/v2\/posts"}],"about":[{"href":"https:\/\/corujaonoticias.com.br\/news\/wp-json\/wp\/v2\/types\/post"}],"author":[{"embeddable":true,"href":"https:\/\/corujaonoticias.com.br\/news\/wp-json\/wp\/v2\/users\/2"}],"replies":[{"embeddable":true,"href":"https:\/\/corujaonoticias.com.br\/news\/wp-json\/wp\/v2\/comments?post=63548"}],"version-history":[{"count":1,"href":"https:\/\/corujaonoticias.com.br\/news\/wp-json\/wp\/v2\/posts\/63548\/revisions"}],"predecessor-version":[{"id":63551,"href":"https:\/\/corujaonoticias.com.br\/news\/wp-json\/wp\/v2\/posts\/63548\/revisions\/63551"}],"wp:featuredmedia":[{"embeddable":true,"href":"https:\/\/corujaonoticias.com.br\/news\/wp-json\/wp\/v2\/media\/63550"}],"wp:attachment":[{"href":"https:\/\/corujaonoticias.com.br\/news\/wp-json\/wp\/v2\/media?parent=63548"}],"wp:term":[{"taxonomy":"category","embeddable":true,"href":"https:\/\/corujaonoticias.com.br\/news\/wp-json\/wp\/v2\/categories?post=63548"},{"taxonomy":"post_tag","embeddable":true,"href":"https:\/\/corujaonoticias.com.br\/news\/wp-json\/wp\/v2\/tags?post=63548"}],"curies":[{"name":"wp","href":"https:\/\/api.w.org\/{rel}","templated":true}]}}