{"id":63580,"date":"2025-07-30T16:32:23","date_gmt":"2025-07-30T19:32:23","guid":{"rendered":"https:\/\/corujaonoticias.com.br\/news\/?p=63580"},"modified":"2025-07-30T16:32:23","modified_gmt":"2025-07-30T19:32:23","slug":"receita-federal-apreende-kombi-com-grande-quantidade-de-equipamentos-eletronicos","status":"publish","type":"post","link":"https:\/\/corujaonoticias.com.br\/news\/receita-federal-apreende-kombi-com-grande-quantidade-de-equipamentos-eletronicos\/","title":{"rendered":"Receita Federal apreende Kombi com grande quantidade de equipamentos eletr\u00f4nicos"},"content":{"rendered":"<p>Na manh\u00e3 desta quarta-feira, 30 de julho, por volta das 9h, uma equipe da Receita Federal realizou a apreens\u00e3o de uma Kombi carregada com grande quantidade de aparelhos eletr\u00f4nicos de alto valor agregado. A abordagem ocorreu na rodovia PR-317, nas proximidades do munic\u00edpio de Floresta (PR). O ve\u00edculo, as mercadorias e o motorista foram encaminhados ao Dep\u00f3sito da Receita Federal em Maring\u00e1 para os procedimentos de contagem, valora\u00e7\u00e3o e lavratura dos autos de infra\u00e7\u00e3o. Ao condutor \u2014 um homem \u2014 foi dada voz de pris\u00e3o pela pr\u00e1tica do crime de descaminho. Ele ser\u00e1 posteriormente conduzido \u00e0 Delegacia da Pol\u00edcia Federal em Maring\u00e1.<\/p>\n<p>A estimativa preliminar \u00e9 de que o valor dos produtos apreendidos ultrapasse R$ 400 mil. Entre os itens est\u00e3o smartphones, tablets, canetas eletr\u00f4nicas (Pencil) e computadores MacBook. De acordo com o motorista, a carga teria como destino a cidade de Londrina (PR).<\/p>\n<p>As mercadorias apreendidas encontram-se no Dep\u00f3sito da Receita Federal em Maring\u00e1, \u00e0 disposi\u00e7\u00e3o da imprensa para capta\u00e7\u00e3o de imagens. O Delegado da Receita Federal no munic\u00edpio tamb\u00e9m est\u00e1 dispon\u00edvel para conceder entrevistas e prestar esclarecimentos.<\/p>\n<p>A Receita Federal refor\u00e7a seu compromisso com o combate ao contrabando e ao descaminho, protegendo a economia nacional e promovendo justi\u00e7a fiscal. Atuar contra a entrada irregular de produtos no pa\u00eds contribui para a concorr\u00eancia leal, a arrecada\u00e7\u00e3o de tributos e o fortalecimento de pol\u00edticas p\u00fablicas que beneficiam toda a sociedade.<\/p>\n<p>Via Assessoria RF<\/p>\n<p><img loading=\"lazy\" decoding=\"async\" class=\"alignnone size-medium wp-image-63582\" src=\"https:\/\/corujaonoticias.com.br\/news\/wp-content\/uploads\/2025\/07\/IMG-20250730-WA0189-300x225.jpg\" alt=\"\" width=\"300\" height=\"225\" srcset=\"https:\/\/corujaonoticias.com.br\/news\/wp-content\/uploads\/2025\/07\/IMG-20250730-WA0189-300x225.jpg 300w, https:\/\/corujaonoticias.com.br\/news\/wp-content\/uploads\/2025\/07\/IMG-20250730-WA0189-1024x768.jpg 1024w, https:\/\/corujaonoticias.com.br\/news\/wp-content\/uploads\/2025\/07\/IMG-20250730-WA0189-768x576.jpg 768w, https:\/\/corujaonoticias.com.br\/news\/wp-content\/uploads\/2025\/07\/IMG-20250730-WA0189-1536x1152.jpg 1536w, https:\/\/corujaonoticias.com.br\/news\/wp-content\/uploads\/2025\/07\/IMG-20250730-WA0189-74x55.jpg 74w, https:\/\/corujaonoticias.com.br\/news\/wp-content\/uploads\/2025\/07\/IMG-20250730-WA0189-111x83.jpg 111w, https:\/\/corujaonoticias.com.br\/news\/wp-content\/uploads\/2025\/07\/IMG-20250730-WA0189-215x161.jpg 215w, https:\/\/corujaonoticias.com.br\/news\/wp-content\/uploads\/2025\/07\/IMG-20250730-WA0189-990x743.jpg 990w, https:\/\/corujaonoticias.com.br\/news\/wp-content\/uploads\/2025\/07\/IMG-20250730-WA0189-1320x990.jpg 1320w, https:\/\/corujaonoticias.com.br\/news\/wp-content\/uploads\/2025\/07\/IMG-20250730-WA0189.jpg 1600w\" sizes=\"auto, (max-width: 300px) 100vw, 300px\" \/> <img loading=\"lazy\" decoding=\"async\" class=\"alignnone size-medium wp-image-63583\" src=\"https:\/\/corujaonoticias.com.br\/news\/wp-content\/uploads\/2025\/07\/IMG-20250730-WA0196-300x300.jpg\" alt=\"\" width=\"300\" height=\"300\" srcset=\"https:\/\/corujaonoticias.com.br\/news\/wp-content\/uploads\/2025\/07\/IMG-20250730-WA0196-300x300.jpg 300w, https:\/\/corujaonoticias.com.br\/news\/wp-content\/uploads\/2025\/07\/IMG-20250730-WA0196-150x150.jpg 150w, https:\/\/corujaonoticias.com.br\/news\/wp-content\/uploads\/2025\/07\/IMG-20250730-WA0196-768x768.jpg 768w, https:\/\/corujaonoticias.com.br\/news\/wp-content\/uploads\/2025\/07\/IMG-20250730-WA0196-65x65.jpg 65w, https:\/\/corujaonoticias.com.br\/news\/wp-content\/uploads\/2025\/07\/IMG-20250730-WA0196.jpg 960w\" sizes=\"auto, (max-width: 300px) 100vw, 300px\" \/><\/p>\n","protected":false},"excerpt":{"rendered":"<p>Na manh\u00e3 desta quarta-feira, 30 de julho, por volta das 9h, uma equipe da Receita Federal realizou a apreens\u00e3o de uma Kombi carregada com grande quantidade de aparelhos eletr\u00f4nicos de alto valor agregado. A abordagem ocorreu na rodovia PR-317, nas proximidades do munic\u00edpio de Floresta (PR). O ve\u00edculo, as mercadorias e o motorista foram encaminhados [&hellip;]<\/p>\n","protected":false},"author":2,"featured_media":63582,"comment_status":"closed","ping_status":"closed","sticky":false,"template":"","format":"standard","meta":{"footnotes":""},"categories":[49,56,64],"tags":[],"class_list":["post-63580","post","type-post","status-publish","format-standard","has-post-thumbnail","hentry","category-topo","category-policial","category-regiao"],"views":42,"_links":{"self":[{"href":"https:\/\/corujaonoticias.com.br\/news\/wp-json\/wp\/v2\/posts\/63580","targetHints":{"allow":["GET"]}}],"collection":[{"href":"https:\/\/corujaonoticias.com.br\/news\/wp-json\/wp\/v2\/posts"}],"about":[{"href":"https:\/\/corujaonoticias.com.br\/news\/wp-json\/wp\/v2\/types\/post"}],"author":[{"embeddable":true,"href":"https:\/\/corujaonoticias.com.br\/news\/wp-json\/wp\/v2\/users\/2"}],"replies":[{"embeddable":true,"href":"https:\/\/corujaonoticias.com.br\/news\/wp-json\/wp\/v2\/comments?post=63580"}],"version-history":[{"count":1,"href":"https:\/\/corujaonoticias.com.br\/news\/wp-json\/wp\/v2\/posts\/63580\/revisions"}],"predecessor-version":[{"id":63584,"href":"https:\/\/corujaonoticias.com.br\/news\/wp-json\/wp\/v2\/posts\/63580\/revisions\/63584"}],"wp:featuredmedia":[{"embeddable":true,"href":"https:\/\/corujaonoticias.com.br\/news\/wp-json\/wp\/v2\/media\/63582"}],"wp:attachment":[{"href":"https:\/\/corujaonoticias.com.br\/news\/wp-json\/wp\/v2\/media?parent=63580"}],"wp:term":[{"taxonomy":"category","embeddable":true,"href":"https:\/\/corujaonoticias.com.br\/news\/wp-json\/wp\/v2\/categories?post=63580"},{"taxonomy":"post_tag","embeddable":true,"href":"https:\/\/corujaonoticias.com.br\/news\/wp-json\/wp\/v2\/tags?post=63580"}],"curies":[{"name":"wp","href":"https:\/\/api.w.org\/{rel}","templated":true}]}}