{"id":63656,"date":"2025-08-17T10:09:53","date_gmt":"2025-08-17T13:09:53","guid":{"rendered":"https:\/\/corujaonoticias.com.br\/news\/?p=63656"},"modified":"2025-08-18T12:47:53","modified_gmt":"2025-08-18T15:47:53","slug":"homem-e-cachorro-morrem-carbonizados-em-incendio-em-maringa","status":"publish","type":"post","link":"https:\/\/corujaonoticias.com.br\/news\/homem-e-cachorro-morrem-carbonizados-em-incendio-em-maringa\/","title":{"rendered":"Homem e cachorro morrem carbonizados em inc\u00eandio em Maring\u00e1"},"content":{"rendered":"<p>Um inc\u00eandio registrado na madrugada deste domingo (17) tirou a vida de um homem de 57 anos e de seu cachorro de estima\u00e7\u00e3o, em uma resid\u00eancia localizada na Vila Esperan\u00e7a, Zona Norte de Maring\u00e1. De acordo com o Tenente Seki, do 5\u00ba Batalh\u00e3o do Corpo de Bombeiros, a corpora\u00e7\u00e3o recebeu o chamado por volta da 01h40, informando que uma casa estaria em chamas no bairro.<\/p>\n<p>Ao chegarem ao local, os bombeiros foram recebidos pela propriet\u00e1ria do im\u00f3vel, que relatou acreditar que o filho estivesse dentro da resid\u00eancia. Ap\u00f3s o controle das chamas, os socorristas confirmaram a morte do rapaz, que foi encontrado totalmente carbonizado, ao lado do animal de estima\u00e7\u00e3o. A \u00e1rea foi isolada e a per\u00edcia acionada para realizar os levantamentos necess\u00e1rios. O corpo da v\u00edtima foi encaminhado ao Instituto M\u00e9dico Legal (IML) de Maring\u00e1.<\/p>\n<p>As circunst\u00e2ncias que levaram ao inc\u00eandio ser\u00e3o investigadas pelo Corpo de Bombeiros e pelo Instituto de Criminal\u00edstica (Pol\u00edcia Cient\u00edfica). A v\u00edtima foi identificada como, Valdir da Silva Souza.<\/p>\n<p>Reda\u00e7\u00e3o: Al\u00e9cio Martins<\/p>\n<p><img loading=\"lazy\" decoding=\"async\" class=\"alignnone size-medium wp-image-63658\" src=\"https:\/\/corujaonoticias.com.br\/news\/wp-content\/uploads\/2025\/08\/IMG-20250817-WA0040-300x260.jpg\" alt=\"\" width=\"300\" height=\"260\" srcset=\"https:\/\/corujaonoticias.com.br\/news\/wp-content\/uploads\/2025\/08\/IMG-20250817-WA0040-300x260.jpg 300w, https:\/\/corujaonoticias.com.br\/news\/wp-content\/uploads\/2025\/08\/IMG-20250817-WA0040-1024x889.jpg 1024w, https:\/\/corujaonoticias.com.br\/news\/wp-content\/uploads\/2025\/08\/IMG-20250817-WA0040-768x667.jpg 768w, https:\/\/corujaonoticias.com.br\/news\/wp-content\/uploads\/2025\/08\/IMG-20250817-WA0040-990x860.jpg 990w, https:\/\/corujaonoticias.com.br\/news\/wp-content\/uploads\/2025\/08\/IMG-20250817-WA0040.jpg 1290w\" sizes=\"auto, (max-width: 300px) 100vw, 300px\" \/><\/p>\n","protected":false},"excerpt":{"rendered":"<p>Um inc\u00eandio registrado na madrugada deste domingo (17) tirou a vida de um homem de 57 anos e de seu cachorro de estima\u00e7\u00e3o, em uma resid\u00eancia localizada na Vila Esperan\u00e7a, Zona Norte de Maring\u00e1. De acordo com o Tenente Seki, do 5\u00ba Batalh\u00e3o do Corpo de Bombeiros, a corpora\u00e7\u00e3o recebeu o chamado por volta da [&hellip;]<\/p>\n","protected":false},"author":2,"featured_media":63659,"comment_status":"closed","ping_status":"closed","sticky":false,"template":"","format":"standard","meta":{"footnotes":""},"categories":[49,57,56],"tags":[],"class_list":["post-63656","post","type-post","status-publish","format-standard","has-post-thumbnail","hentry","category-topo","category-maringa","category-policial"],"views":73,"_links":{"self":[{"href":"https:\/\/corujaonoticias.com.br\/news\/wp-json\/wp\/v2\/posts\/63656","targetHints":{"allow":["GET"]}}],"collection":[{"href":"https:\/\/corujaonoticias.com.br\/news\/wp-json\/wp\/v2\/posts"}],"about":[{"href":"https:\/\/corujaonoticias.com.br\/news\/wp-json\/wp\/v2\/types\/post"}],"author":[{"embeddable":true,"href":"https:\/\/corujaonoticias.com.br\/news\/wp-json\/wp\/v2\/users\/2"}],"replies":[{"embeddable":true,"href":"https:\/\/corujaonoticias.com.br\/news\/wp-json\/wp\/v2\/comments?post=63656"}],"version-history":[{"count":2,"href":"https:\/\/corujaonoticias.com.br\/news\/wp-json\/wp\/v2\/posts\/63656\/revisions"}],"predecessor-version":[{"id":63671,"href":"https:\/\/corujaonoticias.com.br\/news\/wp-json\/wp\/v2\/posts\/63656\/revisions\/63671"}],"wp:featuredmedia":[{"embeddable":true,"href":"https:\/\/corujaonoticias.com.br\/news\/wp-json\/wp\/v2\/media\/63659"}],"wp:attachment":[{"href":"https:\/\/corujaonoticias.com.br\/news\/wp-json\/wp\/v2\/media?parent=63656"}],"wp:term":[{"taxonomy":"category","embeddable":true,"href":"https:\/\/corujaonoticias.com.br\/news\/wp-json\/wp\/v2\/categories?post=63656"},{"taxonomy":"post_tag","embeddable":true,"href":"https:\/\/corujaonoticias.com.br\/news\/wp-json\/wp\/v2\/tags?post=63656"}],"curies":[{"name":"wp","href":"https:\/\/api.w.org\/{rel}","templated":true}]}}