{"id":63691,"date":"2025-08-19T18:01:39","date_gmt":"2025-08-19T21:01:39","guid":{"rendered":"https:\/\/corujaonoticias.com.br\/news\/?p=63691"},"modified":"2025-08-19T18:01:39","modified_gmt":"2025-08-19T21:01:39","slug":"homem-em-surto-e-baleado-por-policiais-militares-em-maringa","status":"publish","type":"post","link":"https:\/\/corujaonoticias.com.br\/news\/homem-em-surto-e-baleado-por-policiais-militares-em-maringa\/","title":{"rendered":"Homem em surto \u00e9 baleado por policiais militares em Maring\u00e1"},"content":{"rendered":"<p>Um homem de 33 anos, identificado como <strong>Oswaldo dos Santos Pereira Junior,<\/strong> foi baleado nas primeiras horas da manh\u00e3 desta ter\u00e7a-feira (19), ap\u00f3s tentar agredir com faca, policiais militares do 4\u00ba Batalh\u00e3o. A ocorr\u00eancia foi registrada no SESI &#8211; localizado na Zona 5, em Maring\u00e1. De acordo com a Pol\u00edcia Militar, a central do 4\u00ba BPM recebeu um chamado de vigilantes da institui\u00e7\u00e3o, onde relataram que Oswaldo havia comparecido ao local para realizar um exame demissional e apresentava sinais de surto psic\u00f3tico. Testemunhas informaram que o homem teria mexido com algumas mulheres e, durante o atendimento, demonstrava forte nervosismo e comportamento alterado.<\/p>\n<p>No deslocamento da equipe policial, os militares foram informados de que o indiv\u00edduo portava duas facas. Ao chegarem no local, tentaram realizar a abordagem, mas Oswaldo teria partido para cima dos policiais. Diante da situa\u00e7\u00e3o, os militares revidaram e o homem acabou baleado. Equipes do SAMU prestaram atendimento emergencial e encaminharam Oswaldo em estado grave ao hospital. Segundo informa\u00e7\u00f5es, ele precisou ser entubado ainda no local.<\/p>\n<p>O hist\u00f3rico de Oswaldo inclui um epis\u00f3dio ocorrido em 2019, quando ele cometeu um homic\u00eddio na Zona 7, em Maring\u00e1. Na ocasi\u00e3o, invadiu um pensionato, matou um dos moradores a golpes de faca e tentou ferir outras pessoas. Ele chegou a ser julgado pelo crime em j\u00fari popular, mas foi absolvido em raz\u00e3o de transtornos mentais. Na \u00e9poca, o juiz determinou que Oswaldo permanecesse internado por tr\u00eas anos para tratamento.<\/p>\n<p>Reda\u00e7\u00e3o: Coruj\u00e3o Not\u00edcias \/ Fotos &#8211; VH Not\u00edcias (Vitor Hugo)<\/p>\n<p><img loading=\"lazy\" decoding=\"async\" class=\"alignnone size-medium wp-image-63693\" src=\"https:\/\/corujaonoticias.com.br\/news\/wp-content\/uploads\/2025\/08\/IMG-20250819-WA0137-300x223.jpg\" alt=\"\" width=\"300\" height=\"223\" srcset=\"https:\/\/corujaonoticias.com.br\/news\/wp-content\/uploads\/2025\/08\/IMG-20250819-WA0137-300x223.jpg 300w, https:\/\/corujaonoticias.com.br\/news\/wp-content\/uploads\/2025\/08\/IMG-20250819-WA0137-1024x761.jpg 1024w, https:\/\/corujaonoticias.com.br\/news\/wp-content\/uploads\/2025\/08\/IMG-20250819-WA0137-768x571.jpg 768w, https:\/\/corujaonoticias.com.br\/news\/wp-content\/uploads\/2025\/08\/IMG-20250819-WA0137-74x55.jpg 74w, https:\/\/corujaonoticias.com.br\/news\/wp-content\/uploads\/2025\/08\/IMG-20250819-WA0137-111x83.jpg 111w, https:\/\/corujaonoticias.com.br\/news\/wp-content\/uploads\/2025\/08\/IMG-20250819-WA0137-215x161.jpg 215w, https:\/\/corujaonoticias.com.br\/news\/wp-content\/uploads\/2025\/08\/IMG-20250819-WA0137-990x736.jpg 990w, https:\/\/corujaonoticias.com.br\/news\/wp-content\/uploads\/2025\/08\/IMG-20250819-WA0137.jpg 1290w\" sizes=\"auto, (max-width: 300px) 100vw, 300px\" \/> <img loading=\"lazy\" decoding=\"async\" class=\"alignnone size-medium wp-image-63694\" src=\"https:\/\/corujaonoticias.com.br\/news\/wp-content\/uploads\/2025\/08\/IMG-20250819-WA0140-300x219.jpg\" alt=\"\" width=\"300\" height=\"219\" srcset=\"https:\/\/corujaonoticias.com.br\/news\/wp-content\/uploads\/2025\/08\/IMG-20250819-WA0140-300x219.jpg 300w, https:\/\/corujaonoticias.com.br\/news\/wp-content\/uploads\/2025\/08\/IMG-20250819-WA0140-1024x747.jpg 1024w, https:\/\/corujaonoticias.com.br\/news\/wp-content\/uploads\/2025\/08\/IMG-20250819-WA0140-768x560.jpg 768w, https:\/\/corujaonoticias.com.br\/news\/wp-content\/uploads\/2025\/08\/IMG-20250819-WA0140-74x55.jpg 74w, https:\/\/corujaonoticias.com.br\/news\/wp-content\/uploads\/2025\/08\/IMG-20250819-WA0140-990x722.jpg 990w, https:\/\/corujaonoticias.com.br\/news\/wp-content\/uploads\/2025\/08\/IMG-20250819-WA0140.jpg 1290w\" sizes=\"auto, (max-width: 300px) 100vw, 300px\" \/> <img loading=\"lazy\" decoding=\"async\" class=\"alignnone size-medium wp-image-63695\" src=\"https:\/\/corujaonoticias.com.br\/news\/wp-content\/uploads\/2025\/08\/IMG-20250819-WA0136-300x247.jpg\" alt=\"\" width=\"300\" height=\"247\" srcset=\"https:\/\/corujaonoticias.com.br\/news\/wp-content\/uploads\/2025\/08\/IMG-20250819-WA0136-300x247.jpg 300w, https:\/\/corujaonoticias.com.br\/news\/wp-content\/uploads\/2025\/08\/IMG-20250819-WA0136-1024x843.jpg 1024w, https:\/\/corujaonoticias.com.br\/news\/wp-content\/uploads\/2025\/08\/IMG-20250819-WA0136-768x632.jpg 768w, https:\/\/corujaonoticias.com.br\/news\/wp-content\/uploads\/2025\/08\/IMG-20250819-WA0136-990x815.jpg 990w, https:\/\/corujaonoticias.com.br\/news\/wp-content\/uploads\/2025\/08\/IMG-20250819-WA0136.jpg 1290w\" sizes=\"auto, (max-width: 300px) 100vw, 300px\" \/> <img loading=\"lazy\" decoding=\"async\" class=\"alignnone size-medium wp-image-63696\" src=\"https:\/\/corujaonoticias.com.br\/news\/wp-content\/uploads\/2025\/08\/IMG-20250819-WA0139-300x258.jpg\" alt=\"\" width=\"300\" height=\"258\" srcset=\"https:\/\/corujaonoticias.com.br\/news\/wp-content\/uploads\/2025\/08\/IMG-20250819-WA0139-300x258.jpg 300w, https:\/\/corujaonoticias.com.br\/news\/wp-content\/uploads\/2025\/08\/IMG-20250819-WA0139-1024x880.jpg 1024w, https:\/\/corujaonoticias.com.br\/news\/wp-content\/uploads\/2025\/08\/IMG-20250819-WA0139-768x660.jpg 768w, https:\/\/corujaonoticias.com.br\/news\/wp-content\/uploads\/2025\/08\/IMG-20250819-WA0139-990x851.jpg 990w, https:\/\/corujaonoticias.com.br\/news\/wp-content\/uploads\/2025\/08\/IMG-20250819-WA0139.jpg 1290w\" sizes=\"auto, (max-width: 300px) 100vw, 300px\" \/><\/p>\n","protected":false},"excerpt":{"rendered":"<p>Um homem de 33 anos, identificado como Oswaldo dos Santos Pereira Junior, foi baleado nas primeiras horas da manh\u00e3 desta ter\u00e7a-feira (19), ap\u00f3s tentar agredir com faca, policiais militares do 4\u00ba Batalh\u00e3o. A ocorr\u00eancia foi registrada no SESI &#8211; localizado na Zona 5, em Maring\u00e1. De acordo com a Pol\u00edcia Militar, a central do 4\u00ba [&hellip;]<\/p>\n","protected":false},"author":2,"featured_media":63696,"comment_status":"closed","ping_status":"closed","sticky":false,"template":"","format":"standard","meta":{"footnotes":""},"categories":[49,57,56],"tags":[],"class_list":["post-63691","post","type-post","status-publish","format-standard","has-post-thumbnail","hentry","category-topo","category-maringa","category-policial"],"views":83,"_links":{"self":[{"href":"https:\/\/corujaonoticias.com.br\/news\/wp-json\/wp\/v2\/posts\/63691","targetHints":{"allow":["GET"]}}],"collection":[{"href":"https:\/\/corujaonoticias.com.br\/news\/wp-json\/wp\/v2\/posts"}],"about":[{"href":"https:\/\/corujaonoticias.com.br\/news\/wp-json\/wp\/v2\/types\/post"}],"author":[{"embeddable":true,"href":"https:\/\/corujaonoticias.com.br\/news\/wp-json\/wp\/v2\/users\/2"}],"replies":[{"embeddable":true,"href":"https:\/\/corujaonoticias.com.br\/news\/wp-json\/wp\/v2\/comments?post=63691"}],"version-history":[{"count":1,"href":"https:\/\/corujaonoticias.com.br\/news\/wp-json\/wp\/v2\/posts\/63691\/revisions"}],"predecessor-version":[{"id":63697,"href":"https:\/\/corujaonoticias.com.br\/news\/wp-json\/wp\/v2\/posts\/63691\/revisions\/63697"}],"wp:featuredmedia":[{"embeddable":true,"href":"https:\/\/corujaonoticias.com.br\/news\/wp-json\/wp\/v2\/media\/63696"}],"wp:attachment":[{"href":"https:\/\/corujaonoticias.com.br\/news\/wp-json\/wp\/v2\/media?parent=63691"}],"wp:term":[{"taxonomy":"category","embeddable":true,"href":"https:\/\/corujaonoticias.com.br\/news\/wp-json\/wp\/v2\/categories?post=63691"},{"taxonomy":"post_tag","embeddable":true,"href":"https:\/\/corujaonoticias.com.br\/news\/wp-json\/wp\/v2\/tags?post=63691"}],"curies":[{"name":"wp","href":"https:\/\/api.w.org\/{rel}","templated":true}]}}