{"id":63770,"date":"2025-08-21T10:44:19","date_gmt":"2025-08-21T13:44:19","guid":{"rendered":"https:\/\/corujaonoticias.com.br\/news\/?p=63770"},"modified":"2025-08-21T10:44:19","modified_gmt":"2025-08-21T13:44:19","slug":"mulher-vitima-de-acidente-na-pr-317-morre-no-hu-de-maringa","status":"publish","type":"post","link":"https:\/\/corujaonoticias.com.br\/news\/mulher-vitima-de-acidente-na-pr-317-morre-no-hu-de-maringa\/","title":{"rendered":"Mulher v\u00edtima de acidente na PR-317 morre no HU de Maring\u00e1"},"content":{"rendered":"<p>Morreu nas \u00faltimas horas, na UTI do Hospital Universit\u00e1rio Regional de Maring\u00e1, <strong>Ingrid Jennifer Silva de Freitas, de 35 anos<\/strong>. Ela estava internada desde a noite do \u00faltimo domingo, quando sofreu um grave acidente de tr\u00e2nsito na rodovia PR-317, entre Iguara\u00e7u e Maring\u00e1. De acordo com informa\u00e7\u00f5es da Pol\u00edcia Rodovi\u00e1ria Estadual (PRE), Ingrid estava na garupa de uma motocicleta quando o ve\u00edculo foi atingido na traseira por um carro. Com a for\u00e7a do impacto, ela sofreu ferimentos graves, incluindo traumatismo craniano. A v\u00edtima foi socorrida e encaminhada ao hospital, mas infelizmente n\u00e3o resistiu e veio a \u00f3bito.<\/p>\n<p>Segundo relatos, o condutor do carro fugiu do local sem prestar socorro \u00e0s v\u00edtimas. O caso ser\u00e1 investigado pelos \u00f3rg\u00e3os competentes. Na hora do acidente, a v\u00edtima retornava do trabalho.<\/p>\n<p>Reda\u00e7\u00e3o: Al\u00e9cio Martins<\/p>\n<p><img loading=\"lazy\" decoding=\"async\" class=\"alignnone size-medium wp-image-63772\" src=\"https:\/\/corujaonoticias.com.br\/news\/wp-content\/uploads\/2025\/08\/IMG-20250821-WA0093-219x300.jpg\" alt=\"\" width=\"219\" height=\"300\" srcset=\"https:\/\/corujaonoticias.com.br\/news\/wp-content\/uploads\/2025\/08\/IMG-20250821-WA0093-219x300.jpg 219w, https:\/\/corujaonoticias.com.br\/news\/wp-content\/uploads\/2025\/08\/IMG-20250821-WA0093-747x1024.jpg 747w, https:\/\/corujaonoticias.com.br\/news\/wp-content\/uploads\/2025\/08\/IMG-20250821-WA0093-768x1053.jpg 768w, https:\/\/corujaonoticias.com.br\/news\/wp-content\/uploads\/2025\/08\/IMG-20250821-WA0093.jpg 831w\" sizes=\"auto, (max-width: 219px) 100vw, 219px\" \/><\/p>\n","protected":false},"excerpt":{"rendered":"<p>Morreu nas \u00faltimas horas, na UTI do Hospital Universit\u00e1rio Regional de Maring\u00e1, Ingrid Jennifer Silva de Freitas, de 35 anos. Ela estava internada desde a noite do \u00faltimo domingo, quando sofreu um grave acidente de tr\u00e2nsito na rodovia PR-317, entre Iguara\u00e7u e Maring\u00e1. De acordo com informa\u00e7\u00f5es da Pol\u00edcia Rodovi\u00e1ria Estadual (PRE), Ingrid estava na [&hellip;]<\/p>\n","protected":false},"author":2,"featured_media":63772,"comment_status":"closed","ping_status":"closed","sticky":false,"template":"","format":"standard","meta":{"footnotes":""},"categories":[49,57,64],"tags":[],"class_list":["post-63770","post","type-post","status-publish","format-standard","has-post-thumbnail","hentry","category-topo","category-maringa","category-regiao"],"views":716,"_links":{"self":[{"href":"https:\/\/corujaonoticias.com.br\/news\/wp-json\/wp\/v2\/posts\/63770","targetHints":{"allow":["GET"]}}],"collection":[{"href":"https:\/\/corujaonoticias.com.br\/news\/wp-json\/wp\/v2\/posts"}],"about":[{"href":"https:\/\/corujaonoticias.com.br\/news\/wp-json\/wp\/v2\/types\/post"}],"author":[{"embeddable":true,"href":"https:\/\/corujaonoticias.com.br\/news\/wp-json\/wp\/v2\/users\/2"}],"replies":[{"embeddable":true,"href":"https:\/\/corujaonoticias.com.br\/news\/wp-json\/wp\/v2\/comments?post=63770"}],"version-history":[{"count":1,"href":"https:\/\/corujaonoticias.com.br\/news\/wp-json\/wp\/v2\/posts\/63770\/revisions"}],"predecessor-version":[{"id":63773,"href":"https:\/\/corujaonoticias.com.br\/news\/wp-json\/wp\/v2\/posts\/63770\/revisions\/63773"}],"wp:featuredmedia":[{"embeddable":true,"href":"https:\/\/corujaonoticias.com.br\/news\/wp-json\/wp\/v2\/media\/63772"}],"wp:attachment":[{"href":"https:\/\/corujaonoticias.com.br\/news\/wp-json\/wp\/v2\/media?parent=63770"}],"wp:term":[{"taxonomy":"category","embeddable":true,"href":"https:\/\/corujaonoticias.com.br\/news\/wp-json\/wp\/v2\/categories?post=63770"},{"taxonomy":"post_tag","embeddable":true,"href":"https:\/\/corujaonoticias.com.br\/news\/wp-json\/wp\/v2\/tags?post=63770"}],"curies":[{"name":"wp","href":"https:\/\/api.w.org\/{rel}","templated":true}]}}