{"id":63779,"date":"2025-08-21T12:09:39","date_gmt":"2025-08-21T15:09:39","guid":{"rendered":"https:\/\/corujaonoticias.com.br\/news\/?p=63779"},"modified":"2025-08-21T12:09:39","modified_gmt":"2025-08-21T15:09:39","slug":"prefeitura-de-maringa-convoca-medicos-e-agentes-comunitarios-de-saude-aprovados-em-concurso-publico","status":"publish","type":"post","link":"https:\/\/corujaonoticias.com.br\/news\/prefeitura-de-maringa-convoca-medicos-e-agentes-comunitarios-de-saude-aprovados-em-concurso-publico\/","title":{"rendered":"Prefeitura de Maring\u00e1 convoca m\u00e9dicos e agentes comunit\u00e1rios de sa\u00fade aprovados em concurso p\u00fablico"},"content":{"rendered":"<p>A Prefeitura de Maring\u00e1, por meio da Secretaria de Gest\u00e3o de Pessoas, convocou 103 agentes comunit\u00e1rios de sa\u00fade, quatro m\u00e9dicos e um t\u00e9cnico de higiene dental aprovados em concurso p\u00fablico para atua\u00e7\u00e3o em equipes multidisciplinares da Estrat\u00e9gia Sa\u00fade da Fam\u00edlia (ESF) nas 35 Unidades B\u00e1sicas de Sa\u00fade (UBSs). De acordo com o edital n\u00ba 032\/2025, os candidatos devem comparecer at\u00e9 sexta-feira, 22, na Coordenadoria de Recrutamento da Secretaria de Gest\u00e3o de Pessoas, no segundo andar do Pa\u00e7o Municipal. O n\u00e3o comparecimento resultar\u00e1 automaticamente na elimina\u00e7\u00e3o do candidato.<\/p>\n<p>Os profissionais de sa\u00fade que comp\u00f5e as equipes da ESF trabalham de forma integrada e complementar, fortalecendo a proximidade e o v\u00ednculo entre a UBS e os pacientes. Com foco na preven\u00e7\u00e3o e promo\u00e7\u00e3o da sa\u00fade, essas equipes oferecem cuidado integral, baseado no hist\u00f3rico e no estilo de vida do paciente e, tamb\u00e9m, na realidade local. Com as novas contrata\u00e7\u00f5es, as \u00e1reas de abrang\u00eancia das 35 UBSs do munic\u00edpio ser\u00e3o beneficiadas.<\/p>\n<p>Em abril, a Secretaria de Sa\u00fade, em parceria com o Conselho Municipal de Sa\u00fade, revisou o registro dos profissionais que comp\u00f5em as equipes da ESF no Cadastro Nacional de Estabelecimentos de Sa\u00fade (CNES). O levantamento identificou a necessidade de atualiza\u00e7\u00e3o dos registros para composi\u00e7\u00e3o das equipes.<\/p>\n<p>O secret\u00e1rio de Sa\u00fade, Ant\u00f4nio Carlos Nardi, explica que assumiu com o Minist\u00e9rio da Sa\u00fade o compromisso de recompor as 99 equipes da Estrat\u00e9gia Sa\u00fade da Fam\u00edlia at\u00e9 o m\u00eas de agosto. \u201cVamos cumprir o compromisso assumido com o Minist\u00e9rio da Sa\u00fade. Somos muito gratos ao Minist\u00e9rio da Sa\u00fade por n\u00e3o penalizar o munic\u00edpio com o cancelamento do repasse mensal de R$ 2,5 milh\u00f5es ap\u00f3s \u00e0 constata\u00e7\u00e3o de que servidores exonerados, alguns h\u00e1 mais de um ano, permaneceram registrados no CNES.\u201d<\/p>\n<p><strong>Fortalecimento da Aten\u00e7\u00e3o B\u00e1sica &#8211;<\/strong>\u00a0Al\u00e9m da contrata\u00e7\u00e3o via concurso p\u00fablico, o munic\u00edpio est\u00e1 com Processo Seletivo Simplificado (PSS) em andamento para contrata\u00e7\u00e3o de diversos profissionais para a aten\u00e7\u00e3o b\u00e1sica. O prazo de inscri\u00e7\u00e3o do PSS terminou no domingo, 17. No total, foram mais de 3.500 inscritos. A convoca\u00e7\u00e3o dos aprovados dentro das vagas ofertadas para comprova\u00e7\u00e3o de t\u00edtulos e experi\u00eancias profissionais ser\u00e1 nesta quinta-feira, 21. O in\u00edcio das atividades est\u00e1 previsto para os nos dias 4 e 5 de setembro.<\/p>\n<p>No total, ser\u00e3o contratados, de forma imediata, 135 profissionais. As vagas foram destinadas aos cargos de enfermeiro, t\u00e9cnico de enfermagem, odont\u00f3logo, t\u00e9cnico de higiene dental, psic\u00f3logo, fisioterapeuta, nutricionista, fonoaudi\u00f3logo e terapeuta ocupacional. Todos ter\u00e3o carga hor\u00e1ria de 40 horas semanais e atuar\u00e3o integralmente nas UBSs.<\/p>\n<p>Para celebrar esse marco, no dia 8 de setembro, \u00e0s 9h, no Teatro Calil Haddad, a secret\u00e1ria de Aten\u00e7\u00e3o Prim\u00e1ria \u00e0 Sa\u00fade do Minist\u00e9rio da Sa\u00fade, Ana Luiza Caldas, dar\u00e1 posse oficial aos cerca de 200 novos integrantes da Estrat\u00e9gia de Sa\u00fade da Fam\u00edlia. \u201cTeremos a alegria de receb\u00ea-la neste momento que marcar\u00e1 o in\u00edcio de uma nova fase para a sa\u00fade de Maring\u00e1\u201d, destacou o secret\u00e1rio Ant\u00f4nio Carlos Nardi.<\/p>\n<p>Via Assessoria<\/p>\n","protected":false},"excerpt":{"rendered":"<p>A Prefeitura de Maring\u00e1, por meio da Secretaria de Gest\u00e3o de Pessoas, convocou 103 agentes comunit\u00e1rios de sa\u00fade, quatro m\u00e9dicos e um t\u00e9cnico de higiene dental aprovados em concurso p\u00fablico para atua\u00e7\u00e3o em equipes multidisciplinares da Estrat\u00e9gia Sa\u00fade da Fam\u00edlia (ESF) nas 35 Unidades B\u00e1sicas de Sa\u00fade (UBSs). De acordo com o edital n\u00ba 032\/2025, [&hellip;]<\/p>\n","protected":false},"author":2,"featured_media":63781,"comment_status":"closed","ping_status":"closed","sticky":false,"template":"","format":"standard","meta":{"footnotes":""},"categories":[49,57],"tags":[],"class_list":["post-63779","post","type-post","status-publish","format-standard","has-post-thumbnail","hentry","category-topo","category-maringa"],"views":38,"_links":{"self":[{"href":"https:\/\/corujaonoticias.com.br\/news\/wp-json\/wp\/v2\/posts\/63779","targetHints":{"allow":["GET"]}}],"collection":[{"href":"https:\/\/corujaonoticias.com.br\/news\/wp-json\/wp\/v2\/posts"}],"about":[{"href":"https:\/\/corujaonoticias.com.br\/news\/wp-json\/wp\/v2\/types\/post"}],"author":[{"embeddable":true,"href":"https:\/\/corujaonoticias.com.br\/news\/wp-json\/wp\/v2\/users\/2"}],"replies":[{"embeddable":true,"href":"https:\/\/corujaonoticias.com.br\/news\/wp-json\/wp\/v2\/comments?post=63779"}],"version-history":[{"count":1,"href":"https:\/\/corujaonoticias.com.br\/news\/wp-json\/wp\/v2\/posts\/63779\/revisions"}],"predecessor-version":[{"id":63782,"href":"https:\/\/corujaonoticias.com.br\/news\/wp-json\/wp\/v2\/posts\/63779\/revisions\/63782"}],"wp:featuredmedia":[{"embeddable":true,"href":"https:\/\/corujaonoticias.com.br\/news\/wp-json\/wp\/v2\/media\/63781"}],"wp:attachment":[{"href":"https:\/\/corujaonoticias.com.br\/news\/wp-json\/wp\/v2\/media?parent=63779"}],"wp:term":[{"taxonomy":"category","embeddable":true,"href":"https:\/\/corujaonoticias.com.br\/news\/wp-json\/wp\/v2\/categories?post=63779"},{"taxonomy":"post_tag","embeddable":true,"href":"https:\/\/corujaonoticias.com.br\/news\/wp-json\/wp\/v2\/tags?post=63779"}],"curies":[{"name":"wp","href":"https:\/\/api.w.org\/{rel}","templated":true}]}}