{"id":63920,"date":"2025-09-01T12:45:47","date_gmt":"2025-09-01T15:45:47","guid":{"rendered":"https:\/\/corujaonoticias.com.br\/news\/?p=63920"},"modified":"2025-09-01T13:56:51","modified_gmt":"2025-09-01T16:56:51","slug":"acidente-mata-motociclista-na-rodovia-pr-445","status":"publish","type":"post","link":"https:\/\/corujaonoticias.com.br\/news\/acidente-mata-motociclista-na-rodovia-pr-445\/","title":{"rendered":"Acidente mata motociclista na rodovia PR-445"},"content":{"rendered":"<p>Um motociclista de 27 anos, identificado como Thiago Augusto Pereira, morador de Apucarana (PR), morreu ap\u00f3s se envolver em um acidente em Mau\u00e1 da Serra (PR) no in\u00edcio da tarde de domingo (31), por volta das 12h30. Segundo a Pol\u00edcia Rodovi\u00e1ria Estadual (PRE), Thiago trafegava pela PR-445, no sentido de Tamarana a Mau\u00e1 da Serra, quando bateu contra um barranco na altura do quil\u00f4metro 0 da rodovia. Ele conduzia uma Honda CBR 600F, que pegou fogo em seguida.<\/p>\n<p>O ve\u00edculo, que estava com placa de Recife (PE), ficou completamente destru\u00eddo. As chamas foram controladas por uma equipe do Corpo de Bombeiros. O jovem apucaranense chegou a ser socorrido por uma ambul\u00e2ncia da CCR PRVias e foi encaminhado em estado grav\u00edssimo ao Centro de Sa\u00fade de Mau\u00e1 da Serra, onde ele acabou n\u00e3o resistindo e faleceu. O corpo foi recolhido pelo Instituto M\u00e9dico Legal (IML) de Apucarana.<\/p>\n<p>A Autarquia dos Servi\u00e7os Funer\u00e1rios de Apucarana (Aserfa) informou que o vel\u00f3rio do jovem acontece na Capela Central. O sepultamento ser\u00e1 nesta segunda-feira (1\u00ba), \u00e0s 16h, no Cemit\u00e9rio Cristo Rei.<\/p>\n<p>Fonte: TN Online<\/p>\n","protected":false},"excerpt":{"rendered":"<p>Um motociclista de 27 anos, identificado como Thiago Augusto Pereira, morador de Apucarana (PR), morreu ap\u00f3s se envolver em um acidente em Mau\u00e1 da Serra (PR) no in\u00edcio da tarde de domingo (31), por volta das 12h30. Segundo a Pol\u00edcia Rodovi\u00e1ria Estadual (PRE), Thiago trafegava pela PR-445, no sentido de Tamarana a Mau\u00e1 da Serra, [&hellip;]<\/p>\n","protected":false},"author":2,"featured_media":63924,"comment_status":"closed","ping_status":"closed","sticky":false,"template":"","format":"standard","meta":{"footnotes":""},"categories":[49,64],"tags":[],"class_list":["post-63920","post","type-post","status-publish","format-standard","has-post-thumbnail","hentry","category-topo","category-regiao"],"views":1037,"_links":{"self":[{"href":"https:\/\/corujaonoticias.com.br\/news\/wp-json\/wp\/v2\/posts\/63920","targetHints":{"allow":["GET"]}}],"collection":[{"href":"https:\/\/corujaonoticias.com.br\/news\/wp-json\/wp\/v2\/posts"}],"about":[{"href":"https:\/\/corujaonoticias.com.br\/news\/wp-json\/wp\/v2\/types\/post"}],"author":[{"embeddable":true,"href":"https:\/\/corujaonoticias.com.br\/news\/wp-json\/wp\/v2\/users\/2"}],"replies":[{"embeddable":true,"href":"https:\/\/corujaonoticias.com.br\/news\/wp-json\/wp\/v2\/comments?post=63920"}],"version-history":[{"count":2,"href":"https:\/\/corujaonoticias.com.br\/news\/wp-json\/wp\/v2\/posts\/63920\/revisions"}],"predecessor-version":[{"id":63923,"href":"https:\/\/corujaonoticias.com.br\/news\/wp-json\/wp\/v2\/posts\/63920\/revisions\/63923"}],"wp:featuredmedia":[{"embeddable":true,"href":"https:\/\/corujaonoticias.com.br\/news\/wp-json\/wp\/v2\/media\/63924"}],"wp:attachment":[{"href":"https:\/\/corujaonoticias.com.br\/news\/wp-json\/wp\/v2\/media?parent=63920"}],"wp:term":[{"taxonomy":"category","embeddable":true,"href":"https:\/\/corujaonoticias.com.br\/news\/wp-json\/wp\/v2\/categories?post=63920"},{"taxonomy":"post_tag","embeddable":true,"href":"https:\/\/corujaonoticias.com.br\/news\/wp-json\/wp\/v2\/tags?post=63920"}],"curies":[{"name":"wp","href":"https:\/\/api.w.org\/{rel}","templated":true}]}}