{"id":63925,"date":"2025-09-01T14:07:23","date_gmt":"2025-09-01T17:07:23","guid":{"rendered":"https:\/\/corujaonoticias.com.br\/news\/?p=63925"},"modified":"2025-09-01T14:07:23","modified_gmt":"2025-09-01T17:07:23","slug":"rotam-apreende-tres-armas-e-prende-tres-homens-em-sarandi","status":"publish","type":"post","link":"https:\/\/corujaonoticias.com.br\/news\/rotam-apreende-tres-armas-e-prende-tres-homens-em-sarandi\/","title":{"rendered":"Rotam apreende tr\u00eas armas e prende tr\u00eas homens em Sarandi"},"content":{"rendered":"<p>A noite de s\u00e1bado (30) foi movimentada para os policiais da equipe Rotam do 32\u00ba Batalh\u00e3o da Pol\u00edcia Militar em Sarandi. Durante duas abordagens, os militares apreenderam tr\u00eas armas de fogo e prenderam tr\u00eas suspeitos. Na primeira a\u00e7\u00e3o, um homem que dirigia uma BMW foi abordado. Com ele, os policiais encontraram uma pistola calibre 9mm, carregada. De acordo com a PM, o suspeito \u00e9 morador de Mandagua\u00e7u.<\/p>\n<p>Quinze minutos depois, nova abordagem: dois homens que estavam em um carro foram flagrados com uma pistola calibre 6.35, tamb\u00e9m municiada, e um rev\u00f3lver calibre 38. A Pol\u00edcia Militar informou que os dois s\u00e3o moradores de Marialva e estavam em Sarandi para negociar as armas com outros criminosos.<\/p>\n<p>Os tr\u00eas homens foram levados para a 9\u00aa Subdivis\u00e3o Policial de Maring\u00e1 e autuados em flagrante. As armas devem passar por exame bal\u00edstico para verificar se foram usadas em crimes de homic\u00eddio na regi\u00e3o.<\/p>\n<p>Reda\u00e7\u00e3o: Al\u00e9cio Martins &#8211; Coruj\u00e3o Not\u00edcias \/ Foto: A. Almenara <img loading=\"lazy\" decoding=\"async\" class=\"alignnone size-medium wp-image-63927\" src=\"https:\/\/corujaonoticias.com.br\/news\/wp-content\/uploads\/2025\/09\/IMG_7824-300x300.jpeg\" alt=\"\" width=\"300\" height=\"300\" srcset=\"https:\/\/corujaonoticias.com.br\/news\/wp-content\/uploads\/2025\/09\/IMG_7824-300x300.jpeg 300w, https:\/\/corujaonoticias.com.br\/news\/wp-content\/uploads\/2025\/09\/IMG_7824-1024x1024.jpeg 1024w, https:\/\/corujaonoticias.com.br\/news\/wp-content\/uploads\/2025\/09\/IMG_7824-150x150.jpeg 150w, https:\/\/corujaonoticias.com.br\/news\/wp-content\/uploads\/2025\/09\/IMG_7824-768x768.jpeg 768w, https:\/\/corujaonoticias.com.br\/news\/wp-content\/uploads\/2025\/09\/IMG_7824-65x65.jpeg 65w, https:\/\/corujaonoticias.com.br\/news\/wp-content\/uploads\/2025\/09\/IMG_7824-990x990.jpeg 990w, https:\/\/corujaonoticias.com.br\/news\/wp-content\/uploads\/2025\/09\/IMG_7824.jpeg 1080w\" sizes=\"auto, (max-width: 300px) 100vw, 300px\" \/> <img loading=\"lazy\" decoding=\"async\" class=\"alignnone size-medium wp-image-63928\" src=\"https:\/\/corujaonoticias.com.br\/news\/wp-content\/uploads\/2025\/09\/IMG_7822-300x300.jpeg\" alt=\"\" width=\"300\" height=\"300\" srcset=\"https:\/\/corujaonoticias.com.br\/news\/wp-content\/uploads\/2025\/09\/IMG_7822-300x300.jpeg 300w, https:\/\/corujaonoticias.com.br\/news\/wp-content\/uploads\/2025\/09\/IMG_7822-150x150.jpeg 150w, https:\/\/corujaonoticias.com.br\/news\/wp-content\/uploads\/2025\/09\/IMG_7822-65x65.jpeg 65w, https:\/\/corujaonoticias.com.br\/news\/wp-content\/uploads\/2025\/09\/IMG_7822.jpeg 500w\" sizes=\"auto, (max-width: 300px) 100vw, 300px\" \/> <img loading=\"lazy\" decoding=\"async\" class=\"alignnone size-medium wp-image-63929\" src=\"https:\/\/corujaonoticias.com.br\/news\/wp-content\/uploads\/2025\/09\/IMG_7823-300x300.jpeg\" alt=\"\" width=\"300\" height=\"300\" srcset=\"https:\/\/corujaonoticias.com.br\/news\/wp-content\/uploads\/2025\/09\/IMG_7823-300x300.jpeg 300w, https:\/\/corujaonoticias.com.br\/news\/wp-content\/uploads\/2025\/09\/IMG_7823-1024x1024.jpeg 1024w, https:\/\/corujaonoticias.com.br\/news\/wp-content\/uploads\/2025\/09\/IMG_7823-150x150.jpeg 150w, https:\/\/corujaonoticias.com.br\/news\/wp-content\/uploads\/2025\/09\/IMG_7823-768x768.jpeg 768w, https:\/\/corujaonoticias.com.br\/news\/wp-content\/uploads\/2025\/09\/IMG_7823-65x65.jpeg 65w, https:\/\/corujaonoticias.com.br\/news\/wp-content\/uploads\/2025\/09\/IMG_7823-990x990.jpeg 990w, https:\/\/corujaonoticias.com.br\/news\/wp-content\/uploads\/2025\/09\/IMG_7823.jpeg 1080w\" sizes=\"auto, (max-width: 300px) 100vw, 300px\" \/><\/p>\n","protected":false},"excerpt":{"rendered":"<p>A noite de s\u00e1bado (30) foi movimentada para os policiais da equipe Rotam do 32\u00ba Batalh\u00e3o da Pol\u00edcia Militar em Sarandi. Durante duas abordagens, os militares apreenderam tr\u00eas armas de fogo e prenderam tr\u00eas suspeitos. Na primeira a\u00e7\u00e3o, um homem que dirigia uma BMW foi abordado. Com ele, os policiais encontraram uma pistola calibre 9mm, [&hellip;]<\/p>\n","protected":false},"author":2,"featured_media":63929,"comment_status":"closed","ping_status":"closed","sticky":false,"template":"","format":"standard","meta":{"footnotes":""},"categories":[49,62,56],"tags":[],"class_list":["post-63925","post","type-post","status-publish","format-standard","has-post-thumbnail","hentry","category-topo","category-parana","category-policial"],"views":44,"_links":{"self":[{"href":"https:\/\/corujaonoticias.com.br\/news\/wp-json\/wp\/v2\/posts\/63925","targetHints":{"allow":["GET"]}}],"collection":[{"href":"https:\/\/corujaonoticias.com.br\/news\/wp-json\/wp\/v2\/posts"}],"about":[{"href":"https:\/\/corujaonoticias.com.br\/news\/wp-json\/wp\/v2\/types\/post"}],"author":[{"embeddable":true,"href":"https:\/\/corujaonoticias.com.br\/news\/wp-json\/wp\/v2\/users\/2"}],"replies":[{"embeddable":true,"href":"https:\/\/corujaonoticias.com.br\/news\/wp-json\/wp\/v2\/comments?post=63925"}],"version-history":[{"count":1,"href":"https:\/\/corujaonoticias.com.br\/news\/wp-json\/wp\/v2\/posts\/63925\/revisions"}],"predecessor-version":[{"id":63930,"href":"https:\/\/corujaonoticias.com.br\/news\/wp-json\/wp\/v2\/posts\/63925\/revisions\/63930"}],"wp:featuredmedia":[{"embeddable":true,"href":"https:\/\/corujaonoticias.com.br\/news\/wp-json\/wp\/v2\/media\/63929"}],"wp:attachment":[{"href":"https:\/\/corujaonoticias.com.br\/news\/wp-json\/wp\/v2\/media?parent=63925"}],"wp:term":[{"taxonomy":"category","embeddable":true,"href":"https:\/\/corujaonoticias.com.br\/news\/wp-json\/wp\/v2\/categories?post=63925"},{"taxonomy":"post_tag","embeddable":true,"href":"https:\/\/corujaonoticias.com.br\/news\/wp-json\/wp\/v2\/tags?post=63925"}],"curies":[{"name":"wp","href":"https:\/\/api.w.org\/{rel}","templated":true}]}}