{"id":63934,"date":"2025-09-02T08:21:20","date_gmt":"2025-09-02T11:21:20","guid":{"rendered":"https:\/\/corujaonoticias.com.br\/news\/?p=63934"},"modified":"2025-09-02T08:44:01","modified_gmt":"2025-09-02T11:44:01","slug":"fatalidade-cadeirante-morre-carbonizado-em-incendio-que-atingiu-residencia-de-madeira","status":"publish","type":"post","link":"https:\/\/corujaonoticias.com.br\/news\/fatalidade-cadeirante-morre-carbonizado-em-incendio-que-atingiu-residencia-de-madeira\/","title":{"rendered":"Fatalidade &#8211; cadeirante morre carbonizado em inc\u00eandio que atingiu resid\u00eancia de madeira"},"content":{"rendered":"<p>Um cadeirante identificado como Luiz Pinheiro de Queiroz, morador de Colorado \u2014 cidade localizada a cerca de 80 quil\u00f4metros de Maring\u00e1 \u2014 morreu carbonizado durante um inc\u00eandio que atingiu a resid\u00eancia onde ele morava. O im\u00f3vel, localizado no cruzamento das ruas Rio Grande do Norte e Guapor\u00e9, na \u00e1rea central da cidade, foi tomado pelas chamas por volta das 5h30 da madrugada desta ter\u00e7a-feira (2).<\/p>\n<p>De acordo com as informa\u00e7\u00f5es, a v\u00edtima n\u00e3o conseguiu deixar a casa devido \u00e0 sua defici\u00eancia f\u00edsica, pois utilizava uma cadeira de rodas. Equipes da Defesa Civil e do Corpo de Bombeiros foram acionadas, mas, ao chegarem ao local, encontraram a resid\u00eancia de madeira completamente em chamas.<\/p>\n<p>A Pol\u00edcia Militar isolou a \u00e1rea e acionou a Pol\u00edcia Civil e a Cient\u00edfica. Ap\u00f3s os procedimentos de praxe, o corpo da v\u00edtima foi recolhido e encaminhado ao Instituto M\u00e9dico Legal (IML). As autoridades agora investigam as causas do inc\u00eandio.<\/p>\n<p>Reda\u00e7\u00e3o: Coruj\u00e3o Not\u00edcias \/ Fotos &#8211; Alexandre Paulino (Rep\u00f3rter Maring\u00e1)<\/p>\n<p><img loading=\"lazy\" decoding=\"async\" class=\"alignnone size-medium wp-image-63937\" src=\"https:\/\/corujaonoticias.com.br\/news\/wp-content\/uploads\/2025\/09\/038de509-0202-42c0-8f12-891087537cf1-300x279.jpeg\" alt=\"\" width=\"300\" height=\"279\" srcset=\"https:\/\/corujaonoticias.com.br\/news\/wp-content\/uploads\/2025\/09\/038de509-0202-42c0-8f12-891087537cf1-300x279.jpeg 300w, https:\/\/corujaonoticias.com.br\/news\/wp-content\/uploads\/2025\/09\/038de509-0202-42c0-8f12-891087537cf1-768x715.jpeg 768w, https:\/\/corujaonoticias.com.br\/news\/wp-content\/uploads\/2025\/09\/038de509-0202-42c0-8f12-891087537cf1-559x520.jpeg 559w, https:\/\/corujaonoticias.com.br\/news\/wp-content\/uploads\/2025\/09\/038de509-0202-42c0-8f12-891087537cf1.jpeg 963w\" sizes=\"auto, (max-width: 300px) 100vw, 300px\" \/> <img loading=\"lazy\" decoding=\"async\" class=\"alignnone size-medium wp-image-63938\" src=\"https:\/\/corujaonoticias.com.br\/news\/wp-content\/uploads\/2025\/09\/83ed6040-62f0-4ad8-b5a3-41a11c3a8338-300x226.jpeg\" alt=\"\" width=\"300\" height=\"226\" srcset=\"https:\/\/corujaonoticias.com.br\/news\/wp-content\/uploads\/2025\/09\/83ed6040-62f0-4ad8-b5a3-41a11c3a8338-300x225.jpeg 300w, https:\/\/corujaonoticias.com.br\/news\/wp-content\/uploads\/2025\/09\/83ed6040-62f0-4ad8-b5a3-41a11c3a8338-1024x770.jpeg 1024w, https:\/\/corujaonoticias.com.br\/news\/wp-content\/uploads\/2025\/09\/83ed6040-62f0-4ad8-b5a3-41a11c3a8338-768x578.jpeg 768w, https:\/\/corujaonoticias.com.br\/news\/wp-content\/uploads\/2025\/09\/83ed6040-62f0-4ad8-b5a3-41a11c3a8338-74x55.jpeg 74w, https:\/\/corujaonoticias.com.br\/news\/wp-content\/uploads\/2025\/09\/83ed6040-62f0-4ad8-b5a3-41a11c3a8338-111x83.jpeg 111w, https:\/\/corujaonoticias.com.br\/news\/wp-content\/uploads\/2025\/09\/83ed6040-62f0-4ad8-b5a3-41a11c3a8338-215x161.jpeg 215w, https:\/\/corujaonoticias.com.br\/news\/wp-content\/uploads\/2025\/09\/83ed6040-62f0-4ad8-b5a3-41a11c3a8338-990x745.jpeg 990w, https:\/\/corujaonoticias.com.br\/news\/wp-content\/uploads\/2025\/09\/83ed6040-62f0-4ad8-b5a3-41a11c3a8338.jpeg 1280w\" sizes=\"auto, (max-width: 300px) 100vw, 300px\" \/><\/p>\n","protected":false},"excerpt":{"rendered":"<p>Um cadeirante identificado como Luiz Pinheiro de Queiroz, morador de Colorado \u2014 cidade localizada a cerca de 80 quil\u00f4metros de Maring\u00e1 \u2014 morreu carbonizado durante um inc\u00eandio que atingiu a resid\u00eancia onde ele morava. O im\u00f3vel, localizado no cruzamento das ruas Rio Grande do Norte e Guapor\u00e9, na \u00e1rea central da cidade, foi tomado pelas [&hellip;]<\/p>\n","protected":false},"author":2,"featured_media":63938,"comment_status":"closed","ping_status":"closed","sticky":false,"template":"","format":"standard","meta":{"footnotes":""},"categories":[49,62,64],"tags":[],"class_list":["post-63934","post","type-post","status-publish","format-standard","has-post-thumbnail","hentry","category-topo","category-parana","category-regiao"],"views":469,"_links":{"self":[{"href":"https:\/\/corujaonoticias.com.br\/news\/wp-json\/wp\/v2\/posts\/63934","targetHints":{"allow":["GET"]}}],"collection":[{"href":"https:\/\/corujaonoticias.com.br\/news\/wp-json\/wp\/v2\/posts"}],"about":[{"href":"https:\/\/corujaonoticias.com.br\/news\/wp-json\/wp\/v2\/types\/post"}],"author":[{"embeddable":true,"href":"https:\/\/corujaonoticias.com.br\/news\/wp-json\/wp\/v2\/users\/2"}],"replies":[{"embeddable":true,"href":"https:\/\/corujaonoticias.com.br\/news\/wp-json\/wp\/v2\/comments?post=63934"}],"version-history":[{"count":2,"href":"https:\/\/corujaonoticias.com.br\/news\/wp-json\/wp\/v2\/posts\/63934\/revisions"}],"predecessor-version":[{"id":63939,"href":"https:\/\/corujaonoticias.com.br\/news\/wp-json\/wp\/v2\/posts\/63934\/revisions\/63939"}],"wp:featuredmedia":[{"embeddable":true,"href":"https:\/\/corujaonoticias.com.br\/news\/wp-json\/wp\/v2\/media\/63938"}],"wp:attachment":[{"href":"https:\/\/corujaonoticias.com.br\/news\/wp-json\/wp\/v2\/media?parent=63934"}],"wp:term":[{"taxonomy":"category","embeddable":true,"href":"https:\/\/corujaonoticias.com.br\/news\/wp-json\/wp\/v2\/categories?post=63934"},{"taxonomy":"post_tag","embeddable":true,"href":"https:\/\/corujaonoticias.com.br\/news\/wp-json\/wp\/v2\/tags?post=63934"}],"curies":[{"name":"wp","href":"https:\/\/api.w.org\/{rel}","templated":true}]}}