{"id":63967,"date":"2025-09-02T18:56:23","date_gmt":"2025-09-02T21:56:23","guid":{"rendered":"https:\/\/corujaonoticias.com.br\/news\/?p=63967"},"modified":"2025-09-08T16:43:46","modified_gmt":"2025-09-08T19:43:46","slug":"fibromialgia-doenca-silenciosa-que-afeta-milhares-de-mulheres-e-homens-e-destaque-na-programacao-da-rede-massa","status":"publish","type":"post","link":"https:\/\/corujaonoticias.com.br\/news\/fibromialgia-doenca-silenciosa-que-afeta-milhares-de-mulheres-e-homens-e-destaque-na-programacao-da-rede-massa\/","title":{"rendered":"Fibromialgia: doen\u00e7a silenciosa que afeta milhares de mulheres e homens, \u00e9 destaque na programa\u00e7\u00e3o da Rede Massa"},"content":{"rendered":"<p>Nesta semana, a Rede Massa, afiliada do SBT no Paran\u00e1, trouxe um tema de grande relev\u00e2ncia para a sa\u00fade p\u00fablica: a fibromialgia, doen\u00e7a cr\u00f4nica que afeta principalmente mulheres, mas que tamb\u00e9m atinge homens de diferentes idades.<\/p>\n<p>Durante a reportagem, a emissora ouviu especialistas e m\u00e9dicos que acompanham pacientes diagnosticados com a doen\u00e7a, al\u00e9m de relatos emocionantes de quem convive diariamente com os sintomas. Entre as entrevistadas, <strong>Thais Barros<\/strong>, que h\u00e1 20 anos enfrenta a enfermidade, descreveu a intensidade das dores.<\/p>\n<p><strong>\u201cUma tarefa comum para todos, como lavar lou\u00e7as, limpar a casa, passar pano no ch\u00e3o, para n\u00f3s \u00e9 insuport\u00e1vel. Parece que estamos carregando uma tonelada\u201d, relatou Thais, emocionada.<\/strong><\/p>\n<p><strong>Veja a reportagem na \u00edntegra, no v\u00eddeo abaixo\u00a0<\/strong><\/p>\n<p><iframe loading=\"lazy\" title=\"Fibromialgia - doen\u00e7a silenciosa que afeta milhares de mulheres e homens...\" width=\"1320\" height=\"743\" src=\"https:\/\/www.youtube.com\/embed\/AYu9mpIocbw?feature=oembed\" frameborder=\"0\" allow=\"accelerometer; autoplay; clipboard-write; encrypted-media; gyroscope; picture-in-picture; web-share\" referrerpolicy=\"strict-origin-when-cross-origin\" allowfullscreen><\/iframe><\/p>\n<p>A fibromialgia \u00e9 caracterizada por dores musculares generalizadas e persistentes, acompanhadas de sintomas como fadiga, altera\u00e7\u00f5es do sono, dificuldades de concentra\u00e7\u00e3o e, em muitos casos, ansiedade e depress\u00e3o. Embora n\u00e3o tenha cura, a condi\u00e7\u00e3o pode ser controlada com acompanhamento m\u00e9dico, fisioterapia, atividades f\u00edsicas orientadas e cuidados com a sa\u00fade mental.<\/p>\n<p>Profissionais de sa\u00fade refor\u00e7am que o diagn\u00f3stico precoce \u00e9 essencial para melhorar a qualidade de vida dos pacientes. O tratamento geralmente \u00e9 multidisciplinar, combinando medicamentos, terapias e mudan\u00e7as no estilo de vida.<\/p>\n<p>Especialistas lembram ainda que a fibromialgia n\u00e3o \u00e9 frescura nem exagero, como muitas vezes \u00e9 erroneamente interpretada, e que a compreens\u00e3o da sociedade \u00e9 fundamental para apoiar quem sofre com essa condi\u00e7\u00e3o debilitante.<\/p>\n<p>Fibromialgia: doen\u00e7a silenciosa que afeta milhares de brasileiros \u00e9 destaque na programa\u00e7\u00e3o da Rede Massa<\/p>\n<p>Nesta semana, a Rede Massa, afiliada do SBT no Paran\u00e1, trouxe um tema de grande relev\u00e2ncia para a sa\u00fade p\u00fablica: a fibromialgia, doen\u00e7a cr\u00f4nica que afeta principalmente mulheres, mas que tamb\u00e9m atinge homens de diferentes idades.<\/p>\n<p>Durante a reportagem, a emissora ouviu especialistas e m\u00e9dicos que acompanham pacientes diagnosticados com a doen\u00e7a, al\u00e9m de relatos emocionantes de quem convive diariamente com os sintomas. Entre as entrevistadas, Thais Barros, que h\u00e1 20 anos enfrenta a enfermidade, descreveu a intensidade das dores.<\/p>\n<p>\u201cUma tarefa comum para todos, como lavar lou\u00e7as, limpar a casa, passar pano no ch\u00e3o, para n\u00f3s \u00e9 insuport\u00e1vel. Parece que estamos carregando uma tonelada\u201d, relatou Thais, emocionada.<\/p>\n<p>A fibromialgia \u00e9 caracterizada por dores musculares generalizadas e persistentes, acompanhadas de sintomas como fadiga, altera\u00e7\u00f5es do sono, dificuldades de concentra\u00e7\u00e3o e, em muitos casos, ansiedade e depress\u00e3o. Embora n\u00e3o tenha cura, a condi\u00e7\u00e3o pode ser controlada com acompanhamento m\u00e9dico, fisioterapia, atividades f\u00edsicas orientadas e cuidados com a sa\u00fade mental.<\/p>\n<p>Profissionais de sa\u00fade refor\u00e7am que o diagn\u00f3stico precoce \u00e9 essencial para melhorar a qualidade de vida dos pacientes. O tratamento geralmente \u00e9 multidisciplinar, combinando medicamentos, terapias e mudan\u00e7as no estilo de vida.<\/p>\n<p>Especialistas lembram ainda que a fibromialgia n\u00e3o \u00e9 frescura nem exagero, como muitas vezes \u00e9 erroneamente interpretada, e que a compreens\u00e3o da sociedade \u00e9 fundamental para apoiar quem sofre com essa condi\u00e7\u00e3o debilitante.<\/p>\n<p>Reda\u00e7\u00e3o: Coruj\u00e3o Not\u00edcias<\/p>\n<p><img loading=\"lazy\" decoding=\"async\" class=\"alignnone size-medium wp-image-63969\" src=\"https:\/\/corujaonoticias.com.br\/news\/wp-content\/uploads\/2025\/09\/320c004c-0373-4cd5-91ab-b53dd71fee9c-300x195.jpeg\" alt=\"\" width=\"300\" height=\"195\" srcset=\"https:\/\/corujaonoticias.com.br\/news\/wp-content\/uploads\/2025\/09\/320c004c-0373-4cd5-91ab-b53dd71fee9c-300x195.jpeg 300w, https:\/\/corujaonoticias.com.br\/news\/wp-content\/uploads\/2025\/09\/320c004c-0373-4cd5-91ab-b53dd71fee9c-768x498.jpeg 768w, https:\/\/corujaonoticias.com.br\/news\/wp-content\/uploads\/2025\/09\/320c004c-0373-4cd5-91ab-b53dd71fee9c-130x86.jpeg 130w, https:\/\/corujaonoticias.com.br\/news\/wp-content\/uploads\/2025\/09\/320c004c-0373-4cd5-91ab-b53dd71fee9c.jpeg 920w\" sizes=\"auto, (max-width: 300px) 100vw, 300px\" \/><\/p>\n","protected":false},"excerpt":{"rendered":"<p>Nesta semana, a Rede Massa, afiliada do SBT no Paran\u00e1, trouxe um tema de grande relev\u00e2ncia para a sa\u00fade p\u00fablica: a fibromialgia, doen\u00e7a cr\u00f4nica que afeta principalmente mulheres, mas que tamb\u00e9m atinge homens de diferentes idades. Durante a reportagem, a emissora ouviu especialistas e m\u00e9dicos que acompanham pacientes diagnosticados com a doen\u00e7a, al\u00e9m de relatos [&hellip;]<\/p>\n","protected":false},"author":2,"featured_media":63969,"comment_status":"closed","ping_status":"closed","sticky":false,"template":"","format":"standard","meta":{"footnotes":""},"categories":[49,57,62],"tags":[],"class_list":["post-63967","post","type-post","status-publish","format-standard","has-post-thumbnail","hentry","category-topo","category-maringa","category-parana"],"views":285,"_links":{"self":[{"href":"https:\/\/corujaonoticias.com.br\/news\/wp-json\/wp\/v2\/posts\/63967","targetHints":{"allow":["GET"]}}],"collection":[{"href":"https:\/\/corujaonoticias.com.br\/news\/wp-json\/wp\/v2\/posts"}],"about":[{"href":"https:\/\/corujaonoticias.com.br\/news\/wp-json\/wp\/v2\/types\/post"}],"author":[{"embeddable":true,"href":"https:\/\/corujaonoticias.com.br\/news\/wp-json\/wp\/v2\/users\/2"}],"replies":[{"embeddable":true,"href":"https:\/\/corujaonoticias.com.br\/news\/wp-json\/wp\/v2\/comments?post=63967"}],"version-history":[{"count":1,"href":"https:\/\/corujaonoticias.com.br\/news\/wp-json\/wp\/v2\/posts\/63967\/revisions"}],"predecessor-version":[{"id":63970,"href":"https:\/\/corujaonoticias.com.br\/news\/wp-json\/wp\/v2\/posts\/63967\/revisions\/63970"}],"wp:featuredmedia":[{"embeddable":true,"href":"https:\/\/corujaonoticias.com.br\/news\/wp-json\/wp\/v2\/media\/63969"}],"wp:attachment":[{"href":"https:\/\/corujaonoticias.com.br\/news\/wp-json\/wp\/v2\/media?parent=63967"}],"wp:term":[{"taxonomy":"category","embeddable":true,"href":"https:\/\/corujaonoticias.com.br\/news\/wp-json\/wp\/v2\/categories?post=63967"},{"taxonomy":"post_tag","embeddable":true,"href":"https:\/\/corujaonoticias.com.br\/news\/wp-json\/wp\/v2\/tags?post=63967"}],"curies":[{"name":"wp","href":"https:\/\/api.w.org\/{rel}","templated":true}]}}