{"id":63980,"date":"2025-09-03T14:20:36","date_gmt":"2025-09-03T17:20:36","guid":{"rendered":"https:\/\/corujaonoticias.com.br\/news\/?p=63980"},"modified":"2025-09-03T14:20:36","modified_gmt":"2025-09-03T17:20:36","slug":"deputado-adriano-jose-celebra-aprovacao-de-projeto-que-redefine-limites-entre-paicandu-e-maringa","status":"publish","type":"post","link":"https:\/\/corujaonoticias.com.br\/news\/deputado-adriano-jose-celebra-aprovacao-de-projeto-que-redefine-limites-entre-paicandu-e-maringa\/","title":{"rendered":"Deputado Adriano Jos\u00e9 celebra aprova\u00e7\u00e3o de projeto que redefine limites entre Pai\u00e7andu e Maring\u00e1"},"content":{"rendered":"<p>Uma conquista aguardada h\u00e1 mais de 60 anos tornou-se realidade nesta semana. A Comiss\u00e3o de Constitui\u00e7\u00e3o e Justi\u00e7a (CCJ) da Assembleia Legislativa aprovou, por unanimidade, o Projeto de Lei 400\/2025, de autoria dos deputados Adriano Jos\u00e9, Evandro Ara\u00fajo e Delegado Jacov\u00f3s, que atualiza os limites territoriais entre os munic\u00edpios de Pai\u00e7andu e Maring\u00e1.<\/p>\n<p>A nova defini\u00e7\u00e3o corrige distor\u00e7\u00f5es hist\u00f3ricas que chegaram a dividir casas e terrenos ao meio, trazendo mais seguran\u00e7a jur\u00eddica e organiza\u00e7\u00e3o urbana para a regi\u00e3o. O projeto foi constru\u00eddo com di\u00e1logo e consenso, contando com a participa\u00e7\u00e3o das prefeituras e c\u00e2maras municipais de ambos os munic\u00edpios e com a valida\u00e7\u00e3o t\u00e9cnica do Instituto \u00c1gua e Terra (IAT).<\/p>\n<p>Com a mudan\u00e7a, mais de 10 mil moradores do bairro Bela Vista ser\u00e3o diretamente beneficiados, passando a ter acesso a uma presta\u00e7\u00e3o de servi\u00e7os p\u00fablicos mais eficiente e de maior qualidade.<\/p>\n<p>Para o deputado Adriano Jos\u00e9, a aprova\u00e7\u00e3o representa um marco:<\/p>\n<p><strong>\u201c\u00c9 uma vit\u00f3ria da uni\u00e3o e do di\u00e1logo. Damos um passo importante para levar dignidade a essas fam\u00edlias e corrigir uma injusti\u00e7a que atravessava gera\u00e7\u00f5es\u201d, ressaltou.<\/strong><\/p>\n<p>Via Assessoria<\/p>\n","protected":false},"excerpt":{"rendered":"<p>Uma conquista aguardada h\u00e1 mais de 60 anos tornou-se realidade nesta semana. A Comiss\u00e3o de Constitui\u00e7\u00e3o e Justi\u00e7a (CCJ) da Assembleia Legislativa aprovou, por unanimidade, o Projeto de Lei 400\/2025, de autoria dos deputados Adriano Jos\u00e9, Evandro Ara\u00fajo e Delegado Jacov\u00f3s, que atualiza os limites territoriais entre os munic\u00edpios de Pai\u00e7andu e Maring\u00e1. A nova [&hellip;]<\/p>\n","protected":false},"author":2,"featured_media":63984,"comment_status":"closed","ping_status":"closed","sticky":false,"template":"","format":"standard","meta":{"footnotes":""},"categories":[49,57,62,68,64],"tags":[],"class_list":["post-63980","post","type-post","status-publish","format-standard","has-post-thumbnail","hentry","category-topo","category-maringa","category-parana","category-politica","category-regiao"],"views":79,"_links":{"self":[{"href":"https:\/\/corujaonoticias.com.br\/news\/wp-json\/wp\/v2\/posts\/63980","targetHints":{"allow":["GET"]}}],"collection":[{"href":"https:\/\/corujaonoticias.com.br\/news\/wp-json\/wp\/v2\/posts"}],"about":[{"href":"https:\/\/corujaonoticias.com.br\/news\/wp-json\/wp\/v2\/types\/post"}],"author":[{"embeddable":true,"href":"https:\/\/corujaonoticias.com.br\/news\/wp-json\/wp\/v2\/users\/2"}],"replies":[{"embeddable":true,"href":"https:\/\/corujaonoticias.com.br\/news\/wp-json\/wp\/v2\/comments?post=63980"}],"version-history":[{"count":1,"href":"https:\/\/corujaonoticias.com.br\/news\/wp-json\/wp\/v2\/posts\/63980\/revisions"}],"predecessor-version":[{"id":63985,"href":"https:\/\/corujaonoticias.com.br\/news\/wp-json\/wp\/v2\/posts\/63980\/revisions\/63985"}],"wp:featuredmedia":[{"embeddable":true,"href":"https:\/\/corujaonoticias.com.br\/news\/wp-json\/wp\/v2\/media\/63984"}],"wp:attachment":[{"href":"https:\/\/corujaonoticias.com.br\/news\/wp-json\/wp\/v2\/media?parent=63980"}],"wp:term":[{"taxonomy":"category","embeddable":true,"href":"https:\/\/corujaonoticias.com.br\/news\/wp-json\/wp\/v2\/categories?post=63980"},{"taxonomy":"post_tag","embeddable":true,"href":"https:\/\/corujaonoticias.com.br\/news\/wp-json\/wp\/v2\/tags?post=63980"}],"curies":[{"name":"wp","href":"https:\/\/api.w.org\/{rel}","templated":true}]}}