{"id":63986,"date":"2025-09-03T16:02:08","date_gmt":"2025-09-03T19:02:08","guid":{"rendered":"https:\/\/corujaonoticias.com.br\/news\/?p=63986"},"modified":"2025-09-03T16:02:08","modified_gmt":"2025-09-03T19:02:08","slug":"gcm-apreende-drogas-e-arma-de-fogo-em-sarandi","status":"publish","type":"post","link":"https:\/\/corujaonoticias.com.br\/news\/gcm-apreende-drogas-e-arma-de-fogo-em-sarandi\/","title":{"rendered":"GCM apreende drogas e arma de fogo em Sarandi"},"content":{"rendered":"<p>Uma opera\u00e7\u00e3o da Guarda Civil Municipal (GCM) de Sarandi, desencadeada a partir de uma den\u00fancia an\u00f4nima, resultou na apreens\u00e3o de drogas, muni\u00e7\u00f5es e de uma pistola calibre 9 mm em uma resid\u00eancia no Jardim Ver\u00e3o, na tarde desta ter\u00e7a-feira (2).<\/p>\n<p>Durante as buscas, os agentes localizaram diversas por\u00e7\u00f5es de coca\u00edna escondidas no guarda-roupas e a arma de fogo sob o travesseiro do suspeito. O armamento foi recolhido e ser\u00e1 submetido \u00e0 per\u00edcia para apurar se foi utilizado em crimes recentes na cidade, incluindo homic\u00eddios e tentativas.<\/p>\n<p>No momento da chegada da equipe, o homem investigado conseguiu fugir pulando o muro dos fundos da casa. A m\u00e3e e o padrasto dele foram conduzidos \u00e0 delegacia para prestar depoimento como testemunhas. Segundo a Pol\u00edcia Civil, o suspeito j\u00e1 foi identificado e \u00e9 considerado foragido. As investiga\u00e7\u00f5es buscam confirmar se ele agia sozinho ou com apoio de outros comparsas.<\/p>\n<p>Nos \u00faltimos dias, opera\u00e7\u00f5es integradas entre Pol\u00edcia Civil, Pol\u00edcia Militar e GCM resultaram na apreens\u00e3o de sete armas de fogo e em v\u00e1rias pris\u00f5es em flagrante. As for\u00e7as de seguran\u00e7a destacam que a troca de informa\u00e7\u00f5es e a coordena\u00e7\u00e3o das a\u00e7\u00f5es t\u00eam sido determinantes para enfraquecer o tr\u00e1fico e reduzir os \u00edndices de viol\u00eancia na cidade.<\/p>\n<p><strong><em>Com informa\u00e7\u00f5es do Portal GMC Online<\/em><\/strong><\/p>\n<p><img loading=\"lazy\" decoding=\"async\" class=\"alignnone size-medium wp-image-63988\" src=\"https:\/\/corujaonoticias.com.br\/news\/wp-content\/uploads\/2025\/09\/IMG_7978-300x226.webp\" alt=\"\" width=\"300\" height=\"226\" srcset=\"https:\/\/corujaonoticias.com.br\/news\/wp-content\/uploads\/2025\/09\/IMG_7978-300x225.webp 300w, https:\/\/corujaonoticias.com.br\/news\/wp-content\/uploads\/2025\/09\/IMG_7978-768x578.webp 768w, https:\/\/corujaonoticias.com.br\/news\/wp-content\/uploads\/2025\/09\/IMG_7978-74x55.webp 74w, https:\/\/corujaonoticias.com.br\/news\/wp-content\/uploads\/2025\/09\/IMG_7978-111x83.webp 111w, https:\/\/corujaonoticias.com.br\/news\/wp-content\/uploads\/2025\/09\/IMG_7978-215x161.webp 215w, https:\/\/corujaonoticias.com.br\/news\/wp-content\/uploads\/2025\/09\/IMG_7978-990x744.webp 990w, https:\/\/corujaonoticias.com.br\/news\/wp-content\/uploads\/2025\/09\/IMG_7978.webp 1024w\" sizes=\"auto, (max-width: 300px) 100vw, 300px\" \/><\/p>\n","protected":false},"excerpt":{"rendered":"<p>Uma opera\u00e7\u00e3o da Guarda Civil Municipal (GCM) de Sarandi, desencadeada a partir de uma den\u00fancia an\u00f4nima, resultou na apreens\u00e3o de drogas, muni\u00e7\u00f5es e de uma pistola calibre 9 mm em uma resid\u00eancia no Jardim Ver\u00e3o, na tarde desta ter\u00e7a-feira (2). Durante as buscas, os agentes localizaram diversas por\u00e7\u00f5es de coca\u00edna escondidas no guarda-roupas e a [&hellip;]<\/p>\n","protected":false},"author":2,"featured_media":63988,"comment_status":"closed","ping_status":"closed","sticky":false,"template":"","format":"standard","meta":{"footnotes":""},"categories":[49,56,64],"tags":[],"class_list":["post-63986","post","type-post","status-publish","format-standard","has-post-thumbnail","hentry","category-topo","category-policial","category-regiao"],"views":54,"_links":{"self":[{"href":"https:\/\/corujaonoticias.com.br\/news\/wp-json\/wp\/v2\/posts\/63986","targetHints":{"allow":["GET"]}}],"collection":[{"href":"https:\/\/corujaonoticias.com.br\/news\/wp-json\/wp\/v2\/posts"}],"about":[{"href":"https:\/\/corujaonoticias.com.br\/news\/wp-json\/wp\/v2\/types\/post"}],"author":[{"embeddable":true,"href":"https:\/\/corujaonoticias.com.br\/news\/wp-json\/wp\/v2\/users\/2"}],"replies":[{"embeddable":true,"href":"https:\/\/corujaonoticias.com.br\/news\/wp-json\/wp\/v2\/comments?post=63986"}],"version-history":[{"count":1,"href":"https:\/\/corujaonoticias.com.br\/news\/wp-json\/wp\/v2\/posts\/63986\/revisions"}],"predecessor-version":[{"id":63989,"href":"https:\/\/corujaonoticias.com.br\/news\/wp-json\/wp\/v2\/posts\/63986\/revisions\/63989"}],"wp:featuredmedia":[{"embeddable":true,"href":"https:\/\/corujaonoticias.com.br\/news\/wp-json\/wp\/v2\/media\/63988"}],"wp:attachment":[{"href":"https:\/\/corujaonoticias.com.br\/news\/wp-json\/wp\/v2\/media?parent=63986"}],"wp:term":[{"taxonomy":"category","embeddable":true,"href":"https:\/\/corujaonoticias.com.br\/news\/wp-json\/wp\/v2\/categories?post=63986"},{"taxonomy":"post_tag","embeddable":true,"href":"https:\/\/corujaonoticias.com.br\/news\/wp-json\/wp\/v2\/tags?post=63986"}],"curies":[{"name":"wp","href":"https:\/\/api.w.org\/{rel}","templated":true}]}}