{"id":64002,"date":"2025-09-04T12:54:51","date_gmt":"2025-09-04T15:54:51","guid":{"rendered":"https:\/\/corujaonoticias.com.br\/news\/?p=64002"},"modified":"2025-09-04T12:54:51","modified_gmt":"2025-09-04T15:54:51","slug":"policia-civil-investiga-tentativa-de-homicidio-em-sarandi-2","status":"publish","type":"post","link":"https:\/\/corujaonoticias.com.br\/news\/policia-civil-investiga-tentativa-de-homicidio-em-sarandi-2\/","title":{"rendered":"Pol\u00edcia Civil investiga tentativa de homic\u00eddio em Sarandi"},"content":{"rendered":"<p>O Setor de Homic\u00eddios da Pol\u00edcia Civil de Sarandi, na regi\u00e3o metropolitana de Maring\u00e1, investiga uma tentativa de homic\u00eddio registrada na noite de quarta-feira (3), no Jardim Independ\u00eancia, zona norte da cidade.<\/p>\n<p>De acordo com a Guarda Civil Municipal (GCM), que prestou apoio ao Samu, a v\u00edtima, identificada como Jonathan Ferreira, de 37 anos, foi encontrada ca\u00edda em via p\u00fablica, com ferimentos provocados por golpes de faca. Ele apresentava les\u00f5es graves \u2014 um no abd\u00f4men, dois no t\u00f3rax e um no rosto \u2014 inclusive com exposi\u00e7\u00e3o de v\u00edsceras.<\/p>\n<p>Durante o atendimento, testemunhas apontaram uma resid\u00eancia pr\u00f3xima como o local da agress\u00e3o. No endere\u00e7o, os agentes localizaram o suspeito, Odelir Rafael Macedo, de 47 anos, escondido embaixo de uma cama. Ele tamb\u00e9m tinha ferimentos, mas estava consciente e orientado.<\/p>\n<p>Inicialmente, Odelir disse que a v\u00edtima e outras pessoas haviam invadido a casa para furtar ferramentas. No entanto, a investiga\u00e7\u00e3o apontou que Jonathan, uma mulher e outro homem haviam sido convidados pelo pr\u00f3prio suspeito para jantar e beber no local. Ap\u00f3s um desentendimento, cuja motiva\u00e7\u00e3o n\u00e3o foi revelada, Odelir teria atacado Jonathan com golpes de faca.<\/p>\n<p>O suspeito recebeu atendimento m\u00e9dico e, em seguida, dever\u00e1 ser conduzido \u00e0 delegacia para que sejam tomadas as provid\u00eancias cab\u00edveis.<\/p>\n<p>Reda\u00e7\u00e3o: Al\u00e9cio Martins<\/p>\n","protected":false},"excerpt":{"rendered":"<p>O Setor de Homic\u00eddios da Pol\u00edcia Civil de Sarandi, na regi\u00e3o metropolitana de Maring\u00e1, investiga uma tentativa de homic\u00eddio registrada na noite de quarta-feira (3), no Jardim Independ\u00eancia, zona norte da cidade. De acordo com a Guarda Civil Municipal (GCM), que prestou apoio ao Samu, a v\u00edtima, identificada como Jonathan Ferreira, de 37 anos, foi [&hellip;]<\/p>\n","protected":false},"author":2,"featured_media":64005,"comment_status":"closed","ping_status":"closed","sticky":false,"template":"","format":"standard","meta":{"footnotes":""},"categories":[49,56,64],"tags":[],"class_list":["post-64002","post","type-post","status-publish","format-standard","has-post-thumbnail","hentry","category-topo","category-policial","category-regiao"],"views":25,"_links":{"self":[{"href":"https:\/\/corujaonoticias.com.br\/news\/wp-json\/wp\/v2\/posts\/64002","targetHints":{"allow":["GET"]}}],"collection":[{"href":"https:\/\/corujaonoticias.com.br\/news\/wp-json\/wp\/v2\/posts"}],"about":[{"href":"https:\/\/corujaonoticias.com.br\/news\/wp-json\/wp\/v2\/types\/post"}],"author":[{"embeddable":true,"href":"https:\/\/corujaonoticias.com.br\/news\/wp-json\/wp\/v2\/users\/2"}],"replies":[{"embeddable":true,"href":"https:\/\/corujaonoticias.com.br\/news\/wp-json\/wp\/v2\/comments?post=64002"}],"version-history":[{"count":1,"href":"https:\/\/corujaonoticias.com.br\/news\/wp-json\/wp\/v2\/posts\/64002\/revisions"}],"predecessor-version":[{"id":64004,"href":"https:\/\/corujaonoticias.com.br\/news\/wp-json\/wp\/v2\/posts\/64002\/revisions\/64004"}],"wp:featuredmedia":[{"embeddable":true,"href":"https:\/\/corujaonoticias.com.br\/news\/wp-json\/wp\/v2\/media\/64005"}],"wp:attachment":[{"href":"https:\/\/corujaonoticias.com.br\/news\/wp-json\/wp\/v2\/media?parent=64002"}],"wp:term":[{"taxonomy":"category","embeddable":true,"href":"https:\/\/corujaonoticias.com.br\/news\/wp-json\/wp\/v2\/categories?post=64002"},{"taxonomy":"post_tag","embeddable":true,"href":"https:\/\/corujaonoticias.com.br\/news\/wp-json\/wp\/v2\/tags?post=64002"}],"curies":[{"name":"wp","href":"https:\/\/api.w.org\/{rel}","templated":true}]}}