{"id":64054,"date":"2025-09-08T16:37:46","date_gmt":"2025-09-08T19:37:46","guid":{"rendered":"https:\/\/corujaonoticias.com.br\/news\/?p=64054"},"modified":"2025-09-08T16:47:38","modified_gmt":"2025-09-08T19:47:38","slug":"paicandu-podera-ganhar-companhia-da-policia-militar","status":"publish","type":"post","link":"https:\/\/corujaonoticias.com.br\/news\/paicandu-podera-ganhar-companhia-da-policia-militar\/","title":{"rendered":"Pai\u00e7andu poder\u00e1 ganhar companhia da Pol\u00edcia Militar"},"content":{"rendered":"<p>Na manh\u00e3 deste s\u00e1bado (6), o secret\u00e1rio de Seguran\u00e7a P\u00fablica de Pai\u00e7andu, Sargento Claudemir Paliari, esteve no escrit\u00f3rio regional do deputado estadual Adriano Jos\u00e9 \u2014 presidente da Comiss\u00e3o de Seguran\u00e7a P\u00fablica da Assembl\u00e9ia Legislativa do Paran\u00e1 e membro titular da CCJ. O encontro teve como pauta principal, tratativas para fortalecer a seguran\u00e7a p\u00fablica do munic\u00edpio. Atualmente, Pai\u00e7andu conta com um pelot\u00e3o da Pol\u00edcia Militar. Por\u00e9m, com a recente eleva\u00e7\u00e3o da cidade \u00e0 condi\u00e7\u00e3o de comarca, existe a possibilidade de o pelot\u00e3o ser transformado em companhia.<\/p>\n<p>A mudan\u00e7a traria benef\u00edcios diretos n\u00e3o apenas para Pai\u00e7andu, que possui cerca de 50 mil habitantes, mas tamb\u00e9m para os munic\u00edpios vizinhos de Floresta, Ivatuba e Doutor Camargo. O novo formato permitiria aumento de efetivo, mais viaturas e uma estrutura refor\u00e7ada para atender toda a regi\u00e3o, tendo Pai\u00e7andu, como sede da companhia.<\/p>\n<p>De acordo com o deputado Adriano Jos\u00e9, que conhece de perto a realidade da cidade, essa \u00e9 uma demanda especial do prefeito Ismael Batista e tamb\u00e9m do chefe de gabinete e secret\u00e1rio de Sa\u00fade, Thiago C\u00e9falo. Caso a mudan\u00e7a se concretize, representar\u00e1 uma grande conquista para a seguran\u00e7a de Pai\u00e7andu e dos munic\u00edpios vizinhos.<\/p>\n<p>Via assessoria<\/p>\n","protected":false},"excerpt":{"rendered":"<p>Na manh\u00e3 deste s\u00e1bado (6), o secret\u00e1rio de Seguran\u00e7a P\u00fablica de Pai\u00e7andu, Sargento Claudemir Paliari, esteve no escrit\u00f3rio regional do deputado estadual Adriano Jos\u00e9 \u2014 presidente da Comiss\u00e3o de Seguran\u00e7a P\u00fablica da Assembl\u00e9ia Legislativa do Paran\u00e1 e membro titular da CCJ. O encontro teve como pauta principal, tratativas para fortalecer a seguran\u00e7a p\u00fablica do munic\u00edpio. [&hellip;]<\/p>\n","protected":false},"author":2,"featured_media":64056,"comment_status":"closed","ping_status":"closed","sticky":false,"template":"","format":"standard","meta":{"footnotes":""},"categories":[49,57],"tags":[],"class_list":["post-64054","post","type-post","status-publish","format-standard","has-post-thumbnail","hentry","category-topo","category-maringa"],"views":43,"_links":{"self":[{"href":"https:\/\/corujaonoticias.com.br\/news\/wp-json\/wp\/v2\/posts\/64054","targetHints":{"allow":["GET"]}}],"collection":[{"href":"https:\/\/corujaonoticias.com.br\/news\/wp-json\/wp\/v2\/posts"}],"about":[{"href":"https:\/\/corujaonoticias.com.br\/news\/wp-json\/wp\/v2\/types\/post"}],"author":[{"embeddable":true,"href":"https:\/\/corujaonoticias.com.br\/news\/wp-json\/wp\/v2\/users\/2"}],"replies":[{"embeddable":true,"href":"https:\/\/corujaonoticias.com.br\/news\/wp-json\/wp\/v2\/comments?post=64054"}],"version-history":[{"count":1,"href":"https:\/\/corujaonoticias.com.br\/news\/wp-json\/wp\/v2\/posts\/64054\/revisions"}],"predecessor-version":[{"id":64057,"href":"https:\/\/corujaonoticias.com.br\/news\/wp-json\/wp\/v2\/posts\/64054\/revisions\/64057"}],"wp:featuredmedia":[{"embeddable":true,"href":"https:\/\/corujaonoticias.com.br\/news\/wp-json\/wp\/v2\/media\/64056"}],"wp:attachment":[{"href":"https:\/\/corujaonoticias.com.br\/news\/wp-json\/wp\/v2\/media?parent=64054"}],"wp:term":[{"taxonomy":"category","embeddable":true,"href":"https:\/\/corujaonoticias.com.br\/news\/wp-json\/wp\/v2\/categories?post=64054"},{"taxonomy":"post_tag","embeddable":true,"href":"https:\/\/corujaonoticias.com.br\/news\/wp-json\/wp\/v2\/tags?post=64054"}],"curies":[{"name":"wp","href":"https:\/\/api.w.org\/{rel}","templated":true}]}}