{"id":64058,"date":"2025-09-08T16:38:53","date_gmt":"2025-09-08T19:38:53","guid":{"rendered":"https:\/\/corujaonoticias.com.br\/news\/?p=64058"},"modified":"2025-09-08T16:47:27","modified_gmt":"2025-09-08T19:47:27","slug":"falso-policial-penal-e-preso-na-regiao-metropolitana-de-maringa","status":"publish","type":"post","link":"https:\/\/corujaonoticias.com.br\/news\/falso-policial-penal-e-preso-na-regiao-metropolitana-de-maringa\/","title":{"rendered":"Falso policial penal \u00e9 preso na regi\u00e3o metropolitana de Maring\u00e1"},"content":{"rendered":"<p>Um jovem de 26 anos foi preso em flagrante na noite de s\u00e1bado (6), ao ser flagrado utilizando um uniforme falso da Pol\u00edcia Penal, na entrada de Pai\u00e7andu. A abordagem foi feita por equipes do grupo SOE (Servi\u00e7o de Opera\u00e7\u00f5es Especiais). O rapaz, que n\u00e3o teve o nome divulgado, vestia fardamento da corpora\u00e7\u00e3o e portava uma capa de colete bal\u00edstico. No carro dele, os agentes encontraram g\u00e1s de pimenta, uma tesoura e uma pistola de brinquedo com marca\u00e7\u00f5es da fabricante Taurus.<\/p>\n<p>De acordo com o SOE, j\u00e1 havia v\u00e1rias den\u00fancias contra o suspeito. Ele circulava em locais p\u00fablicos se apresentando como autoridade policial. A investiga\u00e7\u00e3o tamb\u00e9m revelou que at\u00e9 a namorada acreditava que ele atuava como policial penal. Nas redes sociais, o jovem publicava fotos usando camiseta do grupo ROTA, de S\u00e3o Paulo.<\/p>\n<p>Reda\u00e7\u00e3o: Al\u00e9cio Martins \/ Fotos: Servi\u00e7os Pai\u00e7andu e A. Almenara<\/p>\n<p><img loading=\"lazy\" decoding=\"async\" class=\"alignnone size-medium wp-image-64042\" src=\"https:\/\/manchetesmaringa.com.br\/wp-content\/uploads\/2025\/09\/IMG_8264-300x300.jpeg\" alt=\"\" width=\"300\" height=\"300\" \/> <img loading=\"lazy\" decoding=\"async\" class=\"alignnone size-medium wp-image-64043\" src=\"https:\/\/manchetesmaringa.com.br\/wp-content\/uploads\/2025\/09\/b549a708-2eda-4676-8e4c-06d065a21a7a-300x254.jpeg\" alt=\"\" width=\"300\" height=\"254\" \/> <img loading=\"lazy\" decoding=\"async\" class=\"alignnone size-medium wp-image-64044\" src=\"https:\/\/manchetesmaringa.com.br\/wp-content\/uploads\/2025\/09\/IMG_8265-300x300.jpeg\" alt=\"\" width=\"300\" height=\"300\" \/><\/p>\n","protected":false},"excerpt":{"rendered":"<p>Um jovem de 26 anos foi preso em flagrante na noite de s\u00e1bado (6), ao ser flagrado utilizando um uniforme falso da Pol\u00edcia Penal, na entrada de Pai\u00e7andu. A abordagem foi feita por equipes do grupo SOE (Servi\u00e7o de Opera\u00e7\u00f5es Especiais). O rapaz, que n\u00e3o teve o nome divulgado, vestia fardamento da corpora\u00e7\u00e3o e portava [&hellip;]<\/p>\n","protected":false},"author":2,"featured_media":64060,"comment_status":"closed","ping_status":"closed","sticky":false,"template":"","format":"standard","meta":{"footnotes":""},"categories":[49,56],"tags":[],"class_list":["post-64058","post","type-post","status-publish","format-standard","has-post-thumbnail","hentry","category-topo","category-policial"],"views":71,"_links":{"self":[{"href":"https:\/\/corujaonoticias.com.br\/news\/wp-json\/wp\/v2\/posts\/64058","targetHints":{"allow":["GET"]}}],"collection":[{"href":"https:\/\/corujaonoticias.com.br\/news\/wp-json\/wp\/v2\/posts"}],"about":[{"href":"https:\/\/corujaonoticias.com.br\/news\/wp-json\/wp\/v2\/types\/post"}],"author":[{"embeddable":true,"href":"https:\/\/corujaonoticias.com.br\/news\/wp-json\/wp\/v2\/users\/2"}],"replies":[{"embeddable":true,"href":"https:\/\/corujaonoticias.com.br\/news\/wp-json\/wp\/v2\/comments?post=64058"}],"version-history":[{"count":1,"href":"https:\/\/corujaonoticias.com.br\/news\/wp-json\/wp\/v2\/posts\/64058\/revisions"}],"predecessor-version":[{"id":64061,"href":"https:\/\/corujaonoticias.com.br\/news\/wp-json\/wp\/v2\/posts\/64058\/revisions\/64061"}],"wp:featuredmedia":[{"embeddable":true,"href":"https:\/\/corujaonoticias.com.br\/news\/wp-json\/wp\/v2\/media\/64060"}],"wp:attachment":[{"href":"https:\/\/corujaonoticias.com.br\/news\/wp-json\/wp\/v2\/media?parent=64058"}],"wp:term":[{"taxonomy":"category","embeddable":true,"href":"https:\/\/corujaonoticias.com.br\/news\/wp-json\/wp\/v2\/categories?post=64058"},{"taxonomy":"post_tag","embeddable":true,"href":"https:\/\/corujaonoticias.com.br\/news\/wp-json\/wp\/v2\/tags?post=64058"}],"curies":[{"name":"wp","href":"https:\/\/api.w.org\/{rel}","templated":true}]}}