{"id":64062,"date":"2025-09-08T16:40:14","date_gmt":"2025-09-08T19:40:14","guid":{"rendered":"https:\/\/corujaonoticias.com.br\/news\/?p=64062"},"modified":"2025-09-08T16:47:17","modified_gmt":"2025-09-08T19:47:17","slug":"motociclista-sofre-queda-e-e-socorrido-em-estado-grave","status":"publish","type":"post","link":"https:\/\/corujaonoticias.com.br\/news\/motociclista-sofre-queda-e-e-socorrido-em-estado-grave\/","title":{"rendered":"Motociclista sofre queda e \u00e9 socorrido em estado grave"},"content":{"rendered":"<p>A Pol\u00edcia Rodovi\u00e1ria Federal (PRF) vai apurar as circunst\u00e2ncias de um acidente registrado na manh\u00e3 deste domingo (7) na BR-376, em Mandaguari, que deixou um motociclista morador de Londrina gravemente ferido. O acidente aconteceu em frente \u00e0 unidade operacional da PRF. De acordo com as informa\u00e7\u00f5es, Rafael Jean dos Santos, de 31 anos, seguia sentido Maring\u00e1 em companhia de um grupo de amigos motociclistas quando, por motivos ainda desconhecidos, perdeu o controle da moto e caiu.<\/p>\n<p>Na queda, ele sofreu traumatismo craniano, traumatismo de t\u00f3rax e uma fratura exposta em um dos bra\u00e7os. Para o resgate, foram mobilizadas equipes do SAMU, Corpo de Bombeiros e o servi\u00e7o aerom\u00e9dico. Ap\u00f3s ser estabilizado, Santos foi encaminhado ao Hospital Bom Samaritano de Maring\u00e1. O estado de sa\u00fade dele \u00e9 considerado grave.<\/p>\n<p>Reda\u00e7\u00e3o: Coruj\u00e3o Not\u00edcias \/ Fotos: A. Almenara<\/p>\n<p>&nbsp;<\/p>\n<figure id=\"attachment_64031\" aria-describedby=\"caption-attachment-64031\" style=\"width: 300px\" class=\"wp-caption alignnone\"><img loading=\"lazy\" decoding=\"async\" class=\"size-medium wp-image-64031\" src=\"https:\/\/manchetesmaringa.com.br\/wp-content\/uploads\/2025\/09\/IMG_8126-300x229.jpeg\" alt=\"\" width=\"300\" height=\"229\" \/><figcaption id=\"caption-attachment-64031\" class=\"wp-caption-text\">Screenshot<\/figcaption><\/figure>\n<figure id=\"attachment_64032\" aria-describedby=\"caption-attachment-64032\" style=\"width: 300px\" class=\"wp-caption alignnone\"><img loading=\"lazy\" decoding=\"async\" class=\"size-medium wp-image-64032\" src=\"https:\/\/manchetesmaringa.com.br\/wp-content\/uploads\/2025\/09\/IMG_8128-300x205.jpeg\" alt=\"\" width=\"300\" height=\"205\" \/><figcaption id=\"caption-attachment-64032\" class=\"wp-caption-text\">Screenshot<\/figcaption><\/figure>\n<figure id=\"attachment_64033\" aria-describedby=\"caption-attachment-64033\" style=\"width: 300px\" class=\"wp-caption alignnone\"><img loading=\"lazy\" decoding=\"async\" class=\"size-medium wp-image-64033\" src=\"https:\/\/manchetesmaringa.com.br\/wp-content\/uploads\/2025\/09\/IMG_8129-300x298.jpeg\" alt=\"\" width=\"300\" height=\"298\" \/><figcaption id=\"caption-attachment-64033\" class=\"wp-caption-text\">Screenshot<\/figcaption><\/figure>\n","protected":false},"excerpt":{"rendered":"<p>A Pol\u00edcia Rodovi\u00e1ria Federal (PRF) vai apurar as circunst\u00e2ncias de um acidente registrado na manh\u00e3 deste domingo (7) na BR-376, em Mandaguari, que deixou um motociclista morador de Londrina gravemente ferido. O acidente aconteceu em frente \u00e0 unidade operacional da PRF. De acordo com as informa\u00e7\u00f5es, Rafael Jean dos Santos, de 31 anos, seguia sentido [&hellip;]<\/p>\n","protected":false},"author":2,"featured_media":64064,"comment_status":"closed","ping_status":"closed","sticky":false,"template":"","format":"standard","meta":{"footnotes":""},"categories":[49,62,56],"tags":[],"class_list":["post-64062","post","type-post","status-publish","format-standard","has-post-thumbnail","hentry","category-topo","category-parana","category-policial"],"views":35,"_links":{"self":[{"href":"https:\/\/corujaonoticias.com.br\/news\/wp-json\/wp\/v2\/posts\/64062","targetHints":{"allow":["GET"]}}],"collection":[{"href":"https:\/\/corujaonoticias.com.br\/news\/wp-json\/wp\/v2\/posts"}],"about":[{"href":"https:\/\/corujaonoticias.com.br\/news\/wp-json\/wp\/v2\/types\/post"}],"author":[{"embeddable":true,"href":"https:\/\/corujaonoticias.com.br\/news\/wp-json\/wp\/v2\/users\/2"}],"replies":[{"embeddable":true,"href":"https:\/\/corujaonoticias.com.br\/news\/wp-json\/wp\/v2\/comments?post=64062"}],"version-history":[{"count":1,"href":"https:\/\/corujaonoticias.com.br\/news\/wp-json\/wp\/v2\/posts\/64062\/revisions"}],"predecessor-version":[{"id":64065,"href":"https:\/\/corujaonoticias.com.br\/news\/wp-json\/wp\/v2\/posts\/64062\/revisions\/64065"}],"wp:featuredmedia":[{"embeddable":true,"href":"https:\/\/corujaonoticias.com.br\/news\/wp-json\/wp\/v2\/media\/64064"}],"wp:attachment":[{"href":"https:\/\/corujaonoticias.com.br\/news\/wp-json\/wp\/v2\/media?parent=64062"}],"wp:term":[{"taxonomy":"category","embeddable":true,"href":"https:\/\/corujaonoticias.com.br\/news\/wp-json\/wp\/v2\/categories?post=64062"},{"taxonomy":"post_tag","embeddable":true,"href":"https:\/\/corujaonoticias.com.br\/news\/wp-json\/wp\/v2\/tags?post=64062"}],"curies":[{"name":"wp","href":"https:\/\/api.w.org\/{rel}","templated":true}]}}