{"id":64070,"date":"2025-09-08T16:42:25","date_gmt":"2025-09-08T19:42:25","guid":{"rendered":"https:\/\/corujaonoticias.com.br\/news\/?p=64070"},"modified":"2025-09-08T16:46:51","modified_gmt":"2025-09-08T19:46:51","slug":"tio-e-preso-suspeito-de-importunar-sobrinha-de-12-anos-em-sarandi","status":"publish","type":"post","link":"https:\/\/corujaonoticias.com.br\/news\/tio-e-preso-suspeito-de-importunar-sobrinha-de-12-anos-em-sarandi\/","title":{"rendered":"Tio \u00e9 preso suspeito de importunar sobrinha de 12 anos em Sarandi"},"content":{"rendered":"<p>Um homem de 37 anos foi capturado pela Guarda Civil Municipal (GCM) de Sarandi, na regi\u00e3o metropolitana de Maring\u00e1, suspeito de ter praticado abuso sexual contra a pr\u00f3pria sobrinha, de 12 anos. Conforme informa\u00e7\u00f5es da GCM, o epis\u00f3dio teria acontecido na noite de sexta-feira (5). O suspeito esteve na resid\u00eancia da fam\u00edlia, onde a menina estava acompanhada apenas do irm\u00e3o, j\u00e1 que os pais haviam ido a um encontro religioso. Durante a visita, ele teria feito coment\u00e1rios inapropriados e se dirigido de forma inadequada \u00e0 crian\u00e7a.<\/p>\n<p>No s\u00e1bado, o homem retornou ao local e chegou a amea\u00e7ar os familiares caso fosse denunciado. A Guarda Civil Municipal foi chamada, localizou o suspeito e o encaminhou \u00e0 Delegacia de Pol\u00edcia Civil de Maring\u00e1, onde acabou autuado em flagrante.<\/p>\n<p>Reda\u00e7\u00e3o: Coruj\u00e3o Not\u00edcias<\/p>\n","protected":false},"excerpt":{"rendered":"<p>Um homem de 37 anos foi capturado pela Guarda Civil Municipal (GCM) de Sarandi, na regi\u00e3o metropolitana de Maring\u00e1, suspeito de ter praticado abuso sexual contra a pr\u00f3pria sobrinha, de 12 anos. Conforme informa\u00e7\u00f5es da GCM, o epis\u00f3dio teria acontecido na noite de sexta-feira (5). O suspeito esteve na resid\u00eancia da fam\u00edlia, onde a menina [&hellip;]<\/p>\n","protected":false},"author":2,"featured_media":64072,"comment_status":"closed","ping_status":"closed","sticky":false,"template":"","format":"standard","meta":{"footnotes":""},"categories":[49,56],"tags":[],"class_list":["post-64070","post","type-post","status-publish","format-standard","has-post-thumbnail","hentry","category-topo","category-policial"],"views":23,"_links":{"self":[{"href":"https:\/\/corujaonoticias.com.br\/news\/wp-json\/wp\/v2\/posts\/64070","targetHints":{"allow":["GET"]}}],"collection":[{"href":"https:\/\/corujaonoticias.com.br\/news\/wp-json\/wp\/v2\/posts"}],"about":[{"href":"https:\/\/corujaonoticias.com.br\/news\/wp-json\/wp\/v2\/types\/post"}],"author":[{"embeddable":true,"href":"https:\/\/corujaonoticias.com.br\/news\/wp-json\/wp\/v2\/users\/2"}],"replies":[{"embeddable":true,"href":"https:\/\/corujaonoticias.com.br\/news\/wp-json\/wp\/v2\/comments?post=64070"}],"version-history":[{"count":1,"href":"https:\/\/corujaonoticias.com.br\/news\/wp-json\/wp\/v2\/posts\/64070\/revisions"}],"predecessor-version":[{"id":64073,"href":"https:\/\/corujaonoticias.com.br\/news\/wp-json\/wp\/v2\/posts\/64070\/revisions\/64073"}],"wp:featuredmedia":[{"embeddable":true,"href":"https:\/\/corujaonoticias.com.br\/news\/wp-json\/wp\/v2\/media\/64072"}],"wp:attachment":[{"href":"https:\/\/corujaonoticias.com.br\/news\/wp-json\/wp\/v2\/media?parent=64070"}],"wp:term":[{"taxonomy":"category","embeddable":true,"href":"https:\/\/corujaonoticias.com.br\/news\/wp-json\/wp\/v2\/categories?post=64070"},{"taxonomy":"post_tag","embeddable":true,"href":"https:\/\/corujaonoticias.com.br\/news\/wp-json\/wp\/v2\/tags?post=64070"}],"curies":[{"name":"wp","href":"https:\/\/api.w.org\/{rel}","templated":true}]}}