{"id":65193,"date":"2025-11-28T13:27:05","date_gmt":"2025-11-28T16:27:05","guid":{"rendered":"https:\/\/corujaonoticias.com.br\/news\/?p=65193"},"modified":"2025-11-28T14:06:09","modified_gmt":"2025-11-28T17:06:09","slug":"diretor-da-associacao-de-pais-e-amigos-do-autista-de-sarandi-morre-em-acidente-tragico-em-maringa","status":"publish","type":"post","link":"https:\/\/corujaonoticias.com.br\/news\/diretor-da-associacao-de-pais-e-amigos-do-autista-de-sarandi-morre-em-acidente-tragico-em-maringa\/","title":{"rendered":"Diretor da Associa\u00e7\u00e3o de Pais e Amigos do Autista de Sarandi morre em acidente tr\u00e1gico em Maring\u00e1"},"content":{"rendered":"<p>O diretor da Associa\u00e7\u00e3o de Pais e Amigos do Autista de Sarandi (AMA), <strong>Rodrigo Pereira de Lima, de 39 anos<\/strong>, morreu nas primeiras horas da manh\u00e3 desta <strong>sexta-feira, 28 de novembro,<\/strong> ap\u00f3s um acidente registrado no per\u00edmetro urbano de Maring\u00e1. Rodrigo conduzia uma motocicleta pela Avenida Dr. Joaquim Duarte Moleirinho, na zona sul da cidade, no sentido bairro\u2013centro, quando acabou atingindo cabos de telefonia que estavam ca\u00eddos no meio da via.<\/p>\n<p>Informa\u00e7\u00f5es apuradas no local indicam que, minutos antes, um caminh\u00e3o teria enroscado na fia\u00e7\u00e3o, deixando os cabos soltos. Rodrigo, que vinha logo atr\u00e1s, n\u00e3o percebeu o obst\u00e1culo e colidiu diretamente contra os fios. Os cabos atingiram o pesco\u00e7o do motociclista, provocando uma lacera\u00e7\u00e3o extremamente grave. Equipes do Samu e do Corpo de Bombeiros foram acionadas rapidamente, mas, apesar de todos os esfor\u00e7os, Rodrigo n\u00e3o resistiu aos ferimentos e morreu ainda no local.<\/p>\n<p>Casado, ele deixa um filho de 9 anos, autista. Rodrigo estava a caminho do trabalho quando sofreu o acidente, considerado uma fatalidade pelas equipes que atenderam a ocorr\u00eancia. O Pelot\u00e3o de Tr\u00e2nsito da Pol\u00edcia Militar, a per\u00edcia e agentes da Secretaria de Mobilidade Urbana estiveram no local realizando os procedimentos de praxe. Ap\u00f3s o trabalho pericial, o corpo foi encaminhado ao Instituto M\u00e9dico-Legal (IML) de Maring\u00e1.<\/p>\n<p><strong><em>Reda\u00e7\u00e3o: Coruj\u00e3o Not\u00edcias\u00a0<\/em><\/strong><\/p>\n<p><img loading=\"lazy\" decoding=\"async\" class=\"size-medium wp-image-65197\" src=\"https:\/\/corujaonoticias.com.br\/news\/wp-content\/uploads\/2025\/11\/IMG_1992-300x178.jpeg\" alt=\"\" width=\"300\" height=\"178\" srcset=\"https:\/\/corujaonoticias.com.br\/news\/wp-content\/uploads\/2025\/11\/IMG_1992-300x178.jpeg 300w, https:\/\/corujaonoticias.com.br\/news\/wp-content\/uploads\/2025\/11\/IMG_1992-1024x606.jpeg 1024w, https:\/\/corujaonoticias.com.br\/news\/wp-content\/uploads\/2025\/11\/IMG_1992-768x455.jpeg 768w, https:\/\/corujaonoticias.com.br\/news\/wp-content\/uploads\/2025\/11\/IMG_1992-990x586.jpeg 990w, https:\/\/corujaonoticias.com.br\/news\/wp-content\/uploads\/2025\/11\/IMG_1992.jpeg 1290w\" sizes=\"auto, (max-width: 300px) 100vw, 300px\" \/><\/p>\n<p><img loading=\"lazy\" decoding=\"async\" class=\"size-medium wp-image-65198\" src=\"https:\/\/corujaonoticias.com.br\/news\/wp-content\/uploads\/2025\/11\/IMG_1995-300x216.jpeg\" alt=\"\" width=\"300\" height=\"216\" srcset=\"https:\/\/corujaonoticias.com.br\/news\/wp-content\/uploads\/2025\/11\/IMG_1995-300x216.jpeg 300w, https:\/\/corujaonoticias.com.br\/news\/wp-content\/uploads\/2025\/11\/IMG_1995-1024x738.jpeg 1024w, https:\/\/corujaonoticias.com.br\/news\/wp-content\/uploads\/2025\/11\/IMG_1995-768x554.jpeg 768w, https:\/\/corujaonoticias.com.br\/news\/wp-content\/uploads\/2025\/11\/IMG_1995-990x714.jpeg 990w, https:\/\/corujaonoticias.com.br\/news\/wp-content\/uploads\/2025\/11\/IMG_1995.jpeg 1290w\" sizes=\"auto, (max-width: 300px) 100vw, 300px\" \/><\/p>\n<p><img loading=\"lazy\" decoding=\"async\" class=\"alignnone size-medium wp-image-65200\" src=\"https:\/\/corujaonoticias.com.br\/news\/wp-content\/uploads\/2025\/11\/IMG_2012-300x300.jpeg\" alt=\"\" width=\"300\" height=\"300\" srcset=\"https:\/\/corujaonoticias.com.br\/news\/wp-content\/uploads\/2025\/11\/IMG_2012-300x300.jpeg 300w, https:\/\/corujaonoticias.com.br\/news\/wp-content\/uploads\/2025\/11\/IMG_2012-1024x1024.jpeg 1024w, https:\/\/corujaonoticias.com.br\/news\/wp-content\/uploads\/2025\/11\/IMG_2012-150x150.jpeg 150w, https:\/\/corujaonoticias.com.br\/news\/wp-content\/uploads\/2025\/11\/IMG_2012-768x768.jpeg 768w, https:\/\/corujaonoticias.com.br\/news\/wp-content\/uploads\/2025\/11\/IMG_2012-65x65.jpeg 65w, https:\/\/corujaonoticias.com.br\/news\/wp-content\/uploads\/2025\/11\/IMG_2012-990x990.jpeg 990w, https:\/\/corujaonoticias.com.br\/news\/wp-content\/uploads\/2025\/11\/IMG_2012.jpeg 1080w\" sizes=\"auto, (max-width: 300px) 100vw, 300px\" \/> <img loading=\"lazy\" decoding=\"async\" class=\"alignnone size-medium wp-image-65202\" src=\"https:\/\/corujaonoticias.com.br\/news\/wp-content\/uploads\/2025\/11\/9e0bf556-bf56-47dd-a725-5e79e665f7f6-300x169.jpeg\" alt=\"\" width=\"300\" height=\"169\" srcset=\"https:\/\/corujaonoticias.com.br\/news\/wp-content\/uploads\/2025\/11\/9e0bf556-bf56-47dd-a725-5e79e665f7f6-300x168.jpeg 300w, https:\/\/corujaonoticias.com.br\/news\/wp-content\/uploads\/2025\/11\/9e0bf556-bf56-47dd-a725-5e79e665f7f6-1024x576.jpeg 1024w, https:\/\/corujaonoticias.com.br\/news\/wp-content\/uploads\/2025\/11\/9e0bf556-bf56-47dd-a725-5e79e665f7f6-768x432.jpeg 768w, https:\/\/corujaonoticias.com.br\/news\/wp-content\/uploads\/2025\/11\/9e0bf556-bf56-47dd-a725-5e79e665f7f6-1536x864.jpeg 1536w, https:\/\/corujaonoticias.com.br\/news\/wp-content\/uploads\/2025\/11\/9e0bf556-bf56-47dd-a725-5e79e665f7f6-2048x1152.jpeg 2048w, https:\/\/corujaonoticias.com.br\/news\/wp-content\/uploads\/2025\/11\/9e0bf556-bf56-47dd-a725-5e79e665f7f6-990x557.jpeg 990w, https:\/\/corujaonoticias.com.br\/news\/wp-content\/uploads\/2025\/11\/9e0bf556-bf56-47dd-a725-5e79e665f7f6-1320x743.jpeg 1320w, https:\/\/corujaonoticias.com.br\/news\/wp-content\/uploads\/2025\/11\/9e0bf556-bf56-47dd-a725-5e79e665f7f6-470x264.jpeg 470w, https:\/\/corujaonoticias.com.br\/news\/wp-content\/uploads\/2025\/11\/9e0bf556-bf56-47dd-a725-5e79e665f7f6-640x360.jpeg 640w, https:\/\/corujaonoticias.com.br\/news\/wp-content\/uploads\/2025\/11\/9e0bf556-bf56-47dd-a725-5e79e665f7f6-215x120.jpeg 215w, https:\/\/corujaonoticias.com.br\/news\/wp-content\/uploads\/2025\/11\/9e0bf556-bf56-47dd-a725-5e79e665f7f6-414x232.jpeg 414w\" sizes=\"auto, (max-width: 300px) 100vw, 300px\" \/> <img loading=\"lazy\" decoding=\"async\" class=\"alignnone size-medium wp-image-65203\" src=\"https:\/\/corujaonoticias.com.br\/news\/wp-content\/uploads\/2025\/11\/b8ef83fd-e893-4883-b52c-377489fda650-300x169.jpeg\" alt=\"\" width=\"300\" height=\"169\" srcset=\"https:\/\/corujaonoticias.com.br\/news\/wp-content\/uploads\/2025\/11\/b8ef83fd-e893-4883-b52c-377489fda650-300x168.jpeg 300w, https:\/\/corujaonoticias.com.br\/news\/wp-content\/uploads\/2025\/11\/b8ef83fd-e893-4883-b52c-377489fda650-1024x576.jpeg 1024w, https:\/\/corujaonoticias.com.br\/news\/wp-content\/uploads\/2025\/11\/b8ef83fd-e893-4883-b52c-377489fda650-768x432.jpeg 768w, https:\/\/corujaonoticias.com.br\/news\/wp-content\/uploads\/2025\/11\/b8ef83fd-e893-4883-b52c-377489fda650-1536x864.jpeg 1536w, https:\/\/corujaonoticias.com.br\/news\/wp-content\/uploads\/2025\/11\/b8ef83fd-e893-4883-b52c-377489fda650-2048x1152.jpeg 2048w, https:\/\/corujaonoticias.com.br\/news\/wp-content\/uploads\/2025\/11\/b8ef83fd-e893-4883-b52c-377489fda650-990x557.jpeg 990w, https:\/\/corujaonoticias.com.br\/news\/wp-content\/uploads\/2025\/11\/b8ef83fd-e893-4883-b52c-377489fda650-1320x743.jpeg 1320w, https:\/\/corujaonoticias.com.br\/news\/wp-content\/uploads\/2025\/11\/b8ef83fd-e893-4883-b52c-377489fda650-470x264.jpeg 470w, https:\/\/corujaonoticias.com.br\/news\/wp-content\/uploads\/2025\/11\/b8ef83fd-e893-4883-b52c-377489fda650-640x360.jpeg 640w, https:\/\/corujaonoticias.com.br\/news\/wp-content\/uploads\/2025\/11\/b8ef83fd-e893-4883-b52c-377489fda650-215x120.jpeg 215w, https:\/\/corujaonoticias.com.br\/news\/wp-content\/uploads\/2025\/11\/b8ef83fd-e893-4883-b52c-377489fda650-414x232.jpeg 414w\" sizes=\"auto, (max-width: 300px) 100vw, 300px\" \/><\/p>\n","protected":false},"excerpt":{"rendered":"<p>O diretor da Associa\u00e7\u00e3o de Pais e Amigos do Autista de Sarandi (AMA), Rodrigo Pereira de Lima, de 39 anos, morreu nas primeiras horas da manh\u00e3 desta sexta-feira, 28 de novembro, ap\u00f3s um acidente registrado no per\u00edmetro urbano de Maring\u00e1. Rodrigo conduzia uma motocicleta pela Avenida Dr. Joaquim Duarte Moleirinho, na zona sul da cidade, [&hellip;]<\/p>\n","protected":false},"author":2,"featured_media":65198,"comment_status":"closed","ping_status":"closed","sticky":false,"template":"","format":"standard","meta":{"footnotes":""},"categories":[49,57,56],"tags":[],"class_list":["post-65193","post","type-post","status-publish","format-standard","has-post-thumbnail","hentry","category-topo","category-maringa","category-policial"],"views":21,"_links":{"self":[{"href":"https:\/\/corujaonoticias.com.br\/news\/wp-json\/wp\/v2\/posts\/65193","targetHints":{"allow":["GET"]}}],"collection":[{"href":"https:\/\/corujaonoticias.com.br\/news\/wp-json\/wp\/v2\/posts"}],"about":[{"href":"https:\/\/corujaonoticias.com.br\/news\/wp-json\/wp\/v2\/types\/post"}],"author":[{"embeddable":true,"href":"https:\/\/corujaonoticias.com.br\/news\/wp-json\/wp\/v2\/users\/2"}],"replies":[{"embeddable":true,"href":"https:\/\/corujaonoticias.com.br\/news\/wp-json\/wp\/v2\/comments?post=65193"}],"version-history":[{"count":3,"href":"https:\/\/corujaonoticias.com.br\/news\/wp-json\/wp\/v2\/posts\/65193\/revisions"}],"predecessor-version":[{"id":65204,"href":"https:\/\/corujaonoticias.com.br\/news\/wp-json\/wp\/v2\/posts\/65193\/revisions\/65204"}],"wp:featuredmedia":[{"embeddable":true,"href":"https:\/\/corujaonoticias.com.br\/news\/wp-json\/wp\/v2\/media\/65198"}],"wp:attachment":[{"href":"https:\/\/corujaonoticias.com.br\/news\/wp-json\/wp\/v2\/media?parent=65193"}],"wp:term":[{"taxonomy":"category","embeddable":true,"href":"https:\/\/corujaonoticias.com.br\/news\/wp-json\/wp\/v2\/categories?post=65193"},{"taxonomy":"post_tag","embeddable":true,"href":"https:\/\/corujaonoticias.com.br\/news\/wp-json\/wp\/v2\/tags?post=65193"}],"curies":[{"name":"wp","href":"https:\/\/api.w.org\/{rel}","templated":true}]}}