{"id":65223,"date":"2025-11-29T11:31:08","date_gmt":"2025-11-29T14:31:08","guid":{"rendered":"https:\/\/corujaonoticias.com.br\/news\/?p=65223"},"modified":"2025-11-29T11:33:08","modified_gmt":"2025-11-29T14:33:08","slug":"motociclista-morre-em-grave-acidente-na-avenida-colombo-novembro-ja-e-o-mes-mais-violento-no-transito-de-maringa","status":"publish","type":"post","link":"https:\/\/corujaonoticias.com.br\/news\/motociclista-morre-em-grave-acidente-na-avenida-colombo-novembro-ja-e-o-mes-mais-violento-no-transito-de-maringa\/","title":{"rendered":"Motociclista morre em grave acidente na Avenida Colombo; novembro j\u00e1 \u00e9 o m\u00eas mais violento no tr\u00e2nsito de Maring\u00e1"},"content":{"rendered":"<p>O m\u00eas de novembro se consolida como o per\u00edodo mais violento do ano no tr\u00e2nsito de Maring\u00e1. Nas primeiras horas deste s\u00e1bado (29), mais um motociclista perdeu a vida em um grave acidente registrado no entroncamento da Avenida Colombo com o Contorno Sul, na divisa entre Maring\u00e1 e Sarandi. A v\u00edtima foi identificada como <strong>Jos\u00e9 M\u00e1rio de Oliveira Santos, de 41 anos,<\/strong> morador de Sarandi. De acordo com testemunhas, ele seguia sentido a sua cidade quando, por raz\u00f5es que ainda ser\u00e3o apuradas pelos \u00f3rg\u00e3os competentes, perdeu o controle da motocicleta e colidiu violentamente contra uma estrutura met\u00e1lica instalada na cal\u00e7ada para prote\u00e7\u00e3o da fachada de uma empresa.<\/p>\n<p>Populares acionaram equipes de socorro, mas Jos\u00e9 M\u00e1rio n\u00e3o resistiu aos ferimentos e morreu ainda no local. A Pol\u00edcia Militar isolou a \u00e1rea e, ap\u00f3s o trabalho da per\u00edcia, o corpo foi encaminhado ao Instituto M\u00e9dico Legal (IML) de Maring\u00e1. Somente neste m\u00eas de novembro, tr\u00eas motociclistas morreram nessa mesma via, al\u00e9m de outros que ficaram gravemente feridos, refor\u00e7ando a preocupa\u00e7\u00e3o das autoridades e da comunidade com a escalada da viol\u00eancia no tr\u00e2nsito da regi\u00e3o.<\/p>\n<p>Jos\u00e9 M\u00e1rio faria anivers\u00e1rio neste domingo. Ele acabou perdendo a vida na v\u00e9spera da data que seria de celebra\u00e7\u00e3o, aumentando ainda mais a dor dos familiares e amigos.<\/p>\n<p><strong><em>Reda\u00e7\u00e3o: Coruj\u00e3o Not\u00edcias\u00a0<\/em><\/strong><\/p>\n","protected":false},"excerpt":{"rendered":"<p>O m\u00eas de novembro se consolida como o per\u00edodo mais violento do ano no tr\u00e2nsito de Maring\u00e1. Nas primeiras horas deste s\u00e1bado (29), mais um motociclista perdeu a vida em um grave acidente registrado no entroncamento da Avenida Colombo com o Contorno Sul, na divisa entre Maring\u00e1 e Sarandi. A v\u00edtima foi identificada como Jos\u00e9 [&hellip;]<\/p>\n","protected":false},"author":2,"featured_media":65226,"comment_status":"closed","ping_status":"closed","sticky":false,"template":"","format":"standard","meta":{"footnotes":""},"categories":[49,57,64],"tags":[],"class_list":["post-65223","post","type-post","status-publish","format-standard","has-post-thumbnail","hentry","category-topo","category-maringa","category-regiao"],"views":53,"_links":{"self":[{"href":"https:\/\/corujaonoticias.com.br\/news\/wp-json\/wp\/v2\/posts\/65223","targetHints":{"allow":["GET"]}}],"collection":[{"href":"https:\/\/corujaonoticias.com.br\/news\/wp-json\/wp\/v2\/posts"}],"about":[{"href":"https:\/\/corujaonoticias.com.br\/news\/wp-json\/wp\/v2\/types\/post"}],"author":[{"embeddable":true,"href":"https:\/\/corujaonoticias.com.br\/news\/wp-json\/wp\/v2\/users\/2"}],"replies":[{"embeddable":true,"href":"https:\/\/corujaonoticias.com.br\/news\/wp-json\/wp\/v2\/comments?post=65223"}],"version-history":[{"count":1,"href":"https:\/\/corujaonoticias.com.br\/news\/wp-json\/wp\/v2\/posts\/65223\/revisions"}],"predecessor-version":[{"id":65225,"href":"https:\/\/corujaonoticias.com.br\/news\/wp-json\/wp\/v2\/posts\/65223\/revisions\/65225"}],"wp:featuredmedia":[{"embeddable":true,"href":"https:\/\/corujaonoticias.com.br\/news\/wp-json\/wp\/v2\/media\/65226"}],"wp:attachment":[{"href":"https:\/\/corujaonoticias.com.br\/news\/wp-json\/wp\/v2\/media?parent=65223"}],"wp:term":[{"taxonomy":"category","embeddable":true,"href":"https:\/\/corujaonoticias.com.br\/news\/wp-json\/wp\/v2\/categories?post=65223"},{"taxonomy":"post_tag","embeddable":true,"href":"https:\/\/corujaonoticias.com.br\/news\/wp-json\/wp\/v2\/tags?post=65223"}],"curies":[{"name":"wp","href":"https:\/\/api.w.org\/{rel}","templated":true}]}}