{"id":65276,"date":"2025-12-04T20:07:02","date_gmt":"2025-12-04T23:07:02","guid":{"rendered":"https:\/\/corujaonoticias.com.br\/news\/?p=65276"},"modified":"2025-12-04T20:07:02","modified_gmt":"2025-12-04T23:07:02","slug":"pedestre-de-63-anos-e-gravemente-ferido-apos-ser-atropelado-por-onibus-em-marialva","status":"publish","type":"post","link":"https:\/\/corujaonoticias.com.br\/news\/pedestre-de-63-anos-e-gravemente-ferido-apos-ser-atropelado-por-onibus-em-marialva\/","title":{"rendered":"Pedestre de 63 anos \u00e9 gravemente ferido ap\u00f3s ser atropelado por \u00f4nibus em Marialva"},"content":{"rendered":"<p>Um pedestre de 63 anos ficou gravemente ferido na manh\u00e3 desta quinta-feira (4 ) ap\u00f3s ser atropelado por um \u00f4nibus na \u00e1rea central de Marialva, na regi\u00e3o de Maring\u00e1. De acordo com testemunhas, a v\u00edtima atravessava a via quando foi atingida pela lateral do coletivo. Com o impacto, o homem sofreu ferimentos grav\u00edssimos.<\/p>\n<p>Equipes da Defesa Civil foram acionadas e prestaram os primeiros atendimentos ainda no local. O pedestre foi levado inicialmente a uma unidade hospitalar de Marialva e, devido \u00e0 gravidade dos ferimentos, precisou ser transferido pelo aerom\u00e9dico do SAMU at\u00e9 o Hospital Bom Samaritano, em Maring\u00e1.<\/p>\n<p>Segundo informa\u00e7\u00f5es, ele sofreu trauma de cr\u00e2nio e trauma de t\u00f3rax. A Pol\u00edcia Militar registrou um boletim de ocorr\u00eancia e deve apurar as circunst\u00e2ncias do atropelamento.<\/p>\n<p><strong><em>Reda\u00e7\u00e3o: Coruj\u00e3o Not\u00edcias \/ Fotos: Andr\u00e9 Almenara\u00a0<\/em><\/strong><\/p>\n<p><img loading=\"lazy\" decoding=\"async\" class=\"alignnone size-medium wp-image-65281\" src=\"https:\/\/corujaonoticias.com.br\/news\/wp-content\/uploads\/2025\/12\/IMG_2168-300x300.jpeg\" alt=\"\" width=\"300\" height=\"300\" srcset=\"https:\/\/corujaonoticias.com.br\/news\/wp-content\/uploads\/2025\/12\/IMG_2168-300x300.jpeg 300w, https:\/\/corujaonoticias.com.br\/news\/wp-content\/uploads\/2025\/12\/IMG_2168-1024x1024.jpeg 1024w, https:\/\/corujaonoticias.com.br\/news\/wp-content\/uploads\/2025\/12\/IMG_2168-150x150.jpeg 150w, https:\/\/corujaonoticias.com.br\/news\/wp-content\/uploads\/2025\/12\/IMG_2168-768x768.jpeg 768w, https:\/\/corujaonoticias.com.br\/news\/wp-content\/uploads\/2025\/12\/IMG_2168-65x65.jpeg 65w, https:\/\/corujaonoticias.com.br\/news\/wp-content\/uploads\/2025\/12\/IMG_2168-990x990.jpeg 990w, https:\/\/corujaonoticias.com.br\/news\/wp-content\/uploads\/2025\/12\/IMG_2168.jpeg 1080w\" sizes=\"auto, (max-width: 300px) 100vw, 300px\" \/> <img loading=\"lazy\" decoding=\"async\" class=\"alignnone size-medium wp-image-65282\" src=\"https:\/\/corujaonoticias.com.br\/news\/wp-content\/uploads\/2025\/12\/IMG_2167-300x300.jpeg\" alt=\"\" width=\"300\" height=\"300\" srcset=\"https:\/\/corujaonoticias.com.br\/news\/wp-content\/uploads\/2025\/12\/IMG_2167-300x300.jpeg 300w, https:\/\/corujaonoticias.com.br\/news\/wp-content\/uploads\/2025\/12\/IMG_2167-1024x1024.jpeg 1024w, https:\/\/corujaonoticias.com.br\/news\/wp-content\/uploads\/2025\/12\/IMG_2167-150x150.jpeg 150w, https:\/\/corujaonoticias.com.br\/news\/wp-content\/uploads\/2025\/12\/IMG_2167-768x768.jpeg 768w, https:\/\/corujaonoticias.com.br\/news\/wp-content\/uploads\/2025\/12\/IMG_2167-65x65.jpeg 65w, https:\/\/corujaonoticias.com.br\/news\/wp-content\/uploads\/2025\/12\/IMG_2167-990x990.jpeg 990w, https:\/\/corujaonoticias.com.br\/news\/wp-content\/uploads\/2025\/12\/IMG_2167.jpeg 1080w\" sizes=\"auto, (max-width: 300px) 100vw, 300px\" \/><\/p>\n","protected":false},"excerpt":{"rendered":"<p>Um pedestre de 63 anos ficou gravemente ferido na manh\u00e3 desta quinta-feira (4 ) ap\u00f3s ser atropelado por um \u00f4nibus na \u00e1rea central de Marialva, na regi\u00e3o de Maring\u00e1. De acordo com testemunhas, a v\u00edtima atravessava a via quando foi atingida pela lateral do coletivo. Com o impacto, o homem sofreu ferimentos grav\u00edssimos. Equipes da [&hellip;]<\/p>\n","protected":false},"author":2,"featured_media":65281,"comment_status":"closed","ping_status":"closed","sticky":false,"template":"","format":"standard","meta":{"footnotes":""},"categories":[49,62,64],"tags":[],"class_list":["post-65276","post","type-post","status-publish","format-standard","has-post-thumbnail","hentry","category-topo","category-parana","category-regiao"],"views":11,"_links":{"self":[{"href":"https:\/\/corujaonoticias.com.br\/news\/wp-json\/wp\/v2\/posts\/65276","targetHints":{"allow":["GET"]}}],"collection":[{"href":"https:\/\/corujaonoticias.com.br\/news\/wp-json\/wp\/v2\/posts"}],"about":[{"href":"https:\/\/corujaonoticias.com.br\/news\/wp-json\/wp\/v2\/types\/post"}],"author":[{"embeddable":true,"href":"https:\/\/corujaonoticias.com.br\/news\/wp-json\/wp\/v2\/users\/2"}],"replies":[{"embeddable":true,"href":"https:\/\/corujaonoticias.com.br\/news\/wp-json\/wp\/v2\/comments?post=65276"}],"version-history":[{"count":1,"href":"https:\/\/corujaonoticias.com.br\/news\/wp-json\/wp\/v2\/posts\/65276\/revisions"}],"predecessor-version":[{"id":65283,"href":"https:\/\/corujaonoticias.com.br\/news\/wp-json\/wp\/v2\/posts\/65276\/revisions\/65283"}],"wp:featuredmedia":[{"embeddable":true,"href":"https:\/\/corujaonoticias.com.br\/news\/wp-json\/wp\/v2\/media\/65281"}],"wp:attachment":[{"href":"https:\/\/corujaonoticias.com.br\/news\/wp-json\/wp\/v2\/media?parent=65276"}],"wp:term":[{"taxonomy":"category","embeddable":true,"href":"https:\/\/corujaonoticias.com.br\/news\/wp-json\/wp\/v2\/categories?post=65276"},{"taxonomy":"post_tag","embeddable":true,"href":"https:\/\/corujaonoticias.com.br\/news\/wp-json\/wp\/v2\/tags?post=65276"}],"curies":[{"name":"wp","href":"https:\/\/api.w.org\/{rel}","templated":true}]}}