{"id":66342,"date":"2026-04-24T16:17:56","date_gmt":"2026-04-24T19:17:56","guid":{"rendered":"https:\/\/corujaonoticias.com.br\/news\/?p=66342"},"modified":"2026-04-27T09:55:49","modified_gmt":"2026-04-27T12:55:49","slug":"empresario-de-maringa-que-matou-esposa-ja-esta-na-cadeia","status":"publish","type":"post","link":"https:\/\/corujaonoticias.com.br\/news\/empresario-de-maringa-que-matou-esposa-ja-esta-na-cadeia\/","title":{"rendered":"Empres\u00e1rio de Maring\u00e1 que matou esposa j\u00e1 est\u00e1 na cadeia"},"content":{"rendered":"<p>J\u00e1 est\u00e1 preso \u00e0 disposi\u00e7\u00e3o da Justi\u00e7a na cadeia p\u00fablica de Mandagua\u00e7u o empres\u00e1rio maringaense <strong>Eduardo Rocha Belbe, de 43 anos,<\/strong> suspeito de matar a pr\u00f3pria companheira, <strong>Miriane Caroline do Carmo, de 32 ano<\/strong>s, durante o feriado de Tiradentes, no \u00faltimo dia 21 de abril. Ele se apresentou na madrugada desta sexta-feira, 24, na delegacia de Maring\u00e1, acompanhado de um advogado criminalista, e teve a pris\u00e3o preventiva cumprida. <span class=\"Apple-converted-space\">\u00a0 <\/span>De acordo com as investiga\u00e7\u00f5es, o crime aconteceu ap\u00f3s um desentendimento na casa da m\u00e3e da v\u00edtima, em Mandagua\u00e7u. Segundo a Pol\u00edcia Civil, al\u00e9m do feminic\u00eddio, Eduardo tamb\u00e9m dever\u00e1 responder por tentativa de homic\u00eddio contra a sogra, j\u00e1 que teria tentado atirar nela, mas a arma falhou no momento da a\u00e7\u00e3o.<\/p>\n<p>A caminhonete utilizada pelo suspeito foi localizada abandonada em uma pra\u00e7a no munic\u00edpio de Florest\u00f3polis, na regi\u00e3o de Londrina, na noite de quarta-feira, o que refor\u00e7ou as dilig\u00eancias para localiz\u00e1-lo antes da apresenta\u00e7\u00e3o espont\u00e2nea \u00e0s autoridades.<\/p>\n","protected":false},"excerpt":{"rendered":"<p>J\u00e1 est\u00e1 preso \u00e0 disposi\u00e7\u00e3o da Justi\u00e7a na cadeia p\u00fablica de Mandagua\u00e7u o empres\u00e1rio maringaense Eduardo Rocha Belbe, de 43 anos, suspeito de matar a pr\u00f3pria companheira, Miriane Caroline do Carmo, de 32 anos, durante o feriado de Tiradentes, no \u00faltimo dia 21 de abril. Ele se apresentou na madrugada desta sexta-feira, 24, na delegacia [&hellip;]<\/p>\n","protected":false},"author":2,"featured_media":66344,"comment_status":"closed","ping_status":"closed","sticky":false,"template":"","format":"standard","meta":{"footnotes":""},"categories":[49,57,62,56,64],"tags":[],"class_list":["post-66342","post","type-post","status-publish","format-standard","has-post-thumbnail","hentry","category-topo","category-maringa","category-parana","category-policial","category-regiao"],"views":7,"_links":{"self":[{"href":"https:\/\/corujaonoticias.com.br\/news\/wp-json\/wp\/v2\/posts\/66342","targetHints":{"allow":["GET"]}}],"collection":[{"href":"https:\/\/corujaonoticias.com.br\/news\/wp-json\/wp\/v2\/posts"}],"about":[{"href":"https:\/\/corujaonoticias.com.br\/news\/wp-json\/wp\/v2\/types\/post"}],"author":[{"embeddable":true,"href":"https:\/\/corujaonoticias.com.br\/news\/wp-json\/wp\/v2\/users\/2"}],"replies":[{"embeddable":true,"href":"https:\/\/corujaonoticias.com.br\/news\/wp-json\/wp\/v2\/comments?post=66342"}],"version-history":[{"count":1,"href":"https:\/\/corujaonoticias.com.br\/news\/wp-json\/wp\/v2\/posts\/66342\/revisions"}],"predecessor-version":[{"id":66345,"href":"https:\/\/corujaonoticias.com.br\/news\/wp-json\/wp\/v2\/posts\/66342\/revisions\/66345"}],"wp:featuredmedia":[{"embeddable":true,"href":"https:\/\/corujaonoticias.com.br\/news\/wp-json\/wp\/v2\/media\/66344"}],"wp:attachment":[{"href":"https:\/\/corujaonoticias.com.br\/news\/wp-json\/wp\/v2\/media?parent=66342"}],"wp:term":[{"taxonomy":"category","embeddable":true,"href":"https:\/\/corujaonoticias.com.br\/news\/wp-json\/wp\/v2\/categories?post=66342"},{"taxonomy":"post_tag","embeddable":true,"href":"https:\/\/corujaonoticias.com.br\/news\/wp-json\/wp\/v2\/tags?post=66342"}],"curies":[{"name":"wp","href":"https:\/\/api.w.org\/{rel}","templated":true}]}}