{"id":66346,"date":"2026-04-27T16:09:30","date_gmt":"2026-04-27T19:09:30","guid":{"rendered":"https:\/\/corujaonoticias.com.br\/news\/?p=66346"},"modified":"2026-04-27T16:16:58","modified_gmt":"2026-04-27T19:16:58","slug":"rapaz-morre-afogado-em-corrego-de-sarandi","status":"publish","type":"post","link":"https:\/\/corujaonoticias.com.br\/news\/rapaz-morre-afogado-em-corrego-de-sarandi\/","title":{"rendered":"Rapaz morre afogado em c\u00f3rrego de Sarandi"},"content":{"rendered":"<p>Um jovem de 29 anos, identificado como Luiz Henrique Pereira dos Santos, perdeu a vida durante o \u00faltimo fim de semana em um c\u00f3rrego localizado nas proximidades do Parque Ecol\u00f3gico, em Sarandi, regi\u00e3o metropolitana de Maring\u00e1. De acordo com as informa\u00e7\u00f5es apuradas, a v\u00edtima estava na companhia de amigos e se refrescava no local quando acabou se afogando. Os colegas acionaram rapidamente o Corpo de Bombeiros, que mobilizou equipes de resgate, mergulhadores e tamb\u00e9m o suporte m\u00e9dico do SAMU.<\/p>\n<p>A v\u00edtima foi localizada submersa e, por cerca de 30 minutos, as equipes realizaram manobras de reanima\u00e7\u00e3o, mas infelizmente o rapaz n\u00e3o resistiu e morreu no local. A \u00e1rea foi isolada para o trabalho da per\u00edcia, e na sequ\u00eancia o corpo foi encaminhado ao Instituto M\u00e9dico-Legal de Maring\u00e1.<\/p>\n","protected":false},"excerpt":{"rendered":"<p>Um jovem de 29 anos, identificado como Luiz Henrique Pereira dos Santos, perdeu a vida durante o \u00faltimo fim de semana em um c\u00f3rrego localizado nas proximidades do Parque Ecol\u00f3gico, em Sarandi, regi\u00e3o metropolitana de Maring\u00e1. De acordo com as informa\u00e7\u00f5es apuradas, a v\u00edtima estava na companhia de amigos e se refrescava no local quando [&hellip;]<\/p>\n","protected":false},"author":2,"featured_media":66348,"comment_status":"closed","ping_status":"closed","sticky":false,"template":"","format":"standard","meta":{"footnotes":""},"categories":[49,62,64],"tags":[],"class_list":["post-66346","post","type-post","status-publish","format-standard","has-post-thumbnail","hentry","category-topo","category-parana","category-regiao"],"views":4,"_links":{"self":[{"href":"https:\/\/corujaonoticias.com.br\/news\/wp-json\/wp\/v2\/posts\/66346","targetHints":{"allow":["GET"]}}],"collection":[{"href":"https:\/\/corujaonoticias.com.br\/news\/wp-json\/wp\/v2\/posts"}],"about":[{"href":"https:\/\/corujaonoticias.com.br\/news\/wp-json\/wp\/v2\/types\/post"}],"author":[{"embeddable":true,"href":"https:\/\/corujaonoticias.com.br\/news\/wp-json\/wp\/v2\/users\/2"}],"replies":[{"embeddable":true,"href":"https:\/\/corujaonoticias.com.br\/news\/wp-json\/wp\/v2\/comments?post=66346"}],"version-history":[{"count":3,"href":"https:\/\/corujaonoticias.com.br\/news\/wp-json\/wp\/v2\/posts\/66346\/revisions"}],"predecessor-version":[{"id":66351,"href":"https:\/\/corujaonoticias.com.br\/news\/wp-json\/wp\/v2\/posts\/66346\/revisions\/66351"}],"wp:featuredmedia":[{"embeddable":true,"href":"https:\/\/corujaonoticias.com.br\/news\/wp-json\/wp\/v2\/media\/66348"}],"wp:attachment":[{"href":"https:\/\/corujaonoticias.com.br\/news\/wp-json\/wp\/v2\/media?parent=66346"}],"wp:term":[{"taxonomy":"category","embeddable":true,"href":"https:\/\/corujaonoticias.com.br\/news\/wp-json\/wp\/v2\/categories?post=66346"},{"taxonomy":"post_tag","embeddable":true,"href":"https:\/\/corujaonoticias.com.br\/news\/wp-json\/wp\/v2\/tags?post=66346"}],"curies":[{"name":"wp","href":"https:\/\/api.w.org\/{rel}","templated":true}]}}