{"id":66356,"date":"2026-04-27T16:35:51","date_gmt":"2026-04-27T19:35:51","guid":{"rendered":"https:\/\/corujaonoticias.com.br\/news\/?p=66356"},"modified":"2026-04-27T16:35:51","modified_gmt":"2026-04-27T19:35:51","slug":"colisao-frontal-mata-motociclista-na-pr-317-em-maringa","status":"publish","type":"post","link":"https:\/\/corujaonoticias.com.br\/news\/colisao-frontal-mata-motociclista-na-pr-317-em-maringa\/","title":{"rendered":"Colis\u00e3o frontal mata motociclista na PR-317 em Maring\u00e1"},"content":{"rendered":"<p>Um motociclista de 40 anos morreu na noite deste domingo ap\u00f3s se envolver em uma colis\u00e3o frontal na rodovia PR-317, entre as cidades de Maring\u00e1 e Iguara\u00e7u. De acordo com informa\u00e7\u00f5es da Pol\u00edcia Rodovi\u00e1ria Estadual, o acidente envolveu a motocicleta conduzida pela v\u00edtima e um ve\u00edculo Ford Fusion, dirigido por uma mulher. A motorista relatou aos policiais que seguia no sentido Maring\u00e1\u2013Iguara\u00e7u quando foi surpreendida pelo motociclista trafegando na contram\u00e3o da pista. Ela ainda tentou desviar para evitar a colis\u00e3o, mas o impacto foi inevit\u00e1vel.<\/p>\n<p>Com a for\u00e7a da batida, o motociclista sofreu m\u00faltiplas fraturas, ficou inconsciente e entrou em parada cardiorrespirat\u00f3ria. Equipes do SAMU e do Corpo de Bombeiros foram mobilizadas para prestar atendimento, por\u00e9m a v\u00edtima n\u00e3o resistiu aos ferimentos e morreu no local. Ap\u00f3s o trabalho da per\u00edcia, o corpo foi recolhido e encaminhado ao Instituto M\u00e9dico-Legal de Maring\u00e1.<\/p>\n<p>A condutora do autom\u00f3vel n\u00e3o sofreu ferimentos. As circunst\u00e2ncias do acidente ser\u00e3o apuradas pela Pol\u00edcia Rodovi\u00e1ria Estadual.<\/p>\n","protected":false},"excerpt":{"rendered":"<p>Um motociclista de 40 anos morreu na noite deste domingo ap\u00f3s se envolver em uma colis\u00e3o frontal na rodovia PR-317, entre as cidades de Maring\u00e1 e Iguara\u00e7u. De acordo com informa\u00e7\u00f5es da Pol\u00edcia Rodovi\u00e1ria Estadual, o acidente envolveu a motocicleta conduzida pela v\u00edtima e um ve\u00edculo Ford Fusion, dirigido por uma mulher. A motorista relatou [&hellip;]<\/p>\n","protected":false},"author":2,"featured_media":66358,"comment_status":"closed","ping_status":"closed","sticky":false,"template":"","format":"standard","meta":{"footnotes":""},"categories":[49,62,64],"tags":[],"class_list":["post-66356","post","type-post","status-publish","format-standard","has-post-thumbnail","hentry","category-topo","category-parana","category-regiao"],"views":7,"_links":{"self":[{"href":"https:\/\/corujaonoticias.com.br\/news\/wp-json\/wp\/v2\/posts\/66356","targetHints":{"allow":["GET"]}}],"collection":[{"href":"https:\/\/corujaonoticias.com.br\/news\/wp-json\/wp\/v2\/posts"}],"about":[{"href":"https:\/\/corujaonoticias.com.br\/news\/wp-json\/wp\/v2\/types\/post"}],"author":[{"embeddable":true,"href":"https:\/\/corujaonoticias.com.br\/news\/wp-json\/wp\/v2\/users\/2"}],"replies":[{"embeddable":true,"href":"https:\/\/corujaonoticias.com.br\/news\/wp-json\/wp\/v2\/comments?post=66356"}],"version-history":[{"count":1,"href":"https:\/\/corujaonoticias.com.br\/news\/wp-json\/wp\/v2\/posts\/66356\/revisions"}],"predecessor-version":[{"id":66359,"href":"https:\/\/corujaonoticias.com.br\/news\/wp-json\/wp\/v2\/posts\/66356\/revisions\/66359"}],"wp:featuredmedia":[{"embeddable":true,"href":"https:\/\/corujaonoticias.com.br\/news\/wp-json\/wp\/v2\/media\/66358"}],"wp:attachment":[{"href":"https:\/\/corujaonoticias.com.br\/news\/wp-json\/wp\/v2\/media?parent=66356"}],"wp:term":[{"taxonomy":"category","embeddable":true,"href":"https:\/\/corujaonoticias.com.br\/news\/wp-json\/wp\/v2\/categories?post=66356"},{"taxonomy":"post_tag","embeddable":true,"href":"https:\/\/corujaonoticias.com.br\/news\/wp-json\/wp\/v2\/tags?post=66356"}],"curies":[{"name":"wp","href":"https:\/\/api.w.org\/{rel}","templated":true}]}}