{"id":66361,"date":"2026-04-28T14:41:02","date_gmt":"2026-04-28T17:41:02","guid":{"rendered":"https:\/\/corujaonoticias.com.br\/news\/?p=66361"},"modified":"2026-04-28T14:44:45","modified_gmt":"2026-04-28T17:44:45","slug":"expoinga-2026-inicia-nova-fase-com-foco-em-inclusao-inovacao-e-fortalecimento-do-agronegocio-em-maringa","status":"publish","type":"post","link":"https:\/\/corujaonoticias.com.br\/news\/expoinga-2026-inicia-nova-fase-com-foco-em-inclusao-inovacao-e-fortalecimento-do-agronegocio-em-maringa\/","title":{"rendered":"Expoing\u00e1 2026 inicia nova fase com foco em inclus\u00e3o, inova\u00e7\u00e3o e fortalecimento do agroneg\u00f3cio em Maring\u00e1"},"content":{"rendered":"<p><strong>A Sociedade Rural de Maring\u00e1<\/strong> promoveu na manh\u00e3 desta <strong>segunda-feira (27)<\/strong> um encontro especial com jornalistas, comunicadores e representantes dos principais ve\u00edculos de imprensa de Maring\u00e1 e regi\u00e3o para apresentar oficialmente o preview da <strong>52\u00aa edi\u00e7\u00e3o da Expoing\u00e1<\/strong>, uma das maiores feiras agropecu\u00e1rias do pa\u00eds. Durante o caf\u00e9 da manh\u00e3 realizado no Parque Internacional de Exposi\u00e7\u00f5es Francisco Feio Ribeiro, a organiza\u00e7\u00e3o revelou detalhes da estrutura, programa\u00e7\u00e3o e das novidades da edi\u00e7\u00e3o 2026, que ser\u00e1 realizada entre os dias 7 e 17 de maio. A proposta \u00e9 reposicionar o evento, unindo tradi\u00e7\u00e3o, moderniza\u00e7\u00e3o e maior aproxima\u00e7\u00e3o com o p\u00fablico.<\/p>\n<p>A presidente da Rural Jovem, <strong>Vanessa Vargas<\/strong>, destacou que esta edi\u00e7\u00e3o representa o in\u00edcio de uma nova etapa para a feira, com prioridade para acessibilidade, conforto e democratiza\u00e7\u00e3o do acesso. Segundo ela, a Expoing\u00e1 contar\u00e1 com tr\u00eas dias de entrada gratuita, pontos de distribui\u00e7\u00e3o de \u00e1gua, revis\u00e3o nos pre\u00e7os praticados no recinto e melhorias na infraestrutura para receber fam\u00edlias e visitantes com mais comodidade.<\/p>\n<p><strong><em>\u201cEstamos construindo uma feira mais acolhedora, moderna e preparada para oferecer uma experi\u00eancia completa ao visitante, desde o entretenimento at\u00e9 o ambiente de neg\u00f3cios\u201d, afirmou.<\/em><\/strong><\/p>\n<p><strong>Mais de mil expositores confirmados<\/strong><\/p>\n<p>O presidente da Sociedade Rural de Maring\u00e1, <strong>Henrique Pinto,<\/strong> afirmou que aproximadamente 1.100 expositores j\u00e1 confirmaram presen\u00e7a, refor\u00e7ando a import\u00e2ncia da Expoing\u00e1 como uma das principais vitrines de tecnologia, neg\u00f3cios e inova\u00e7\u00e3o para o agroneg\u00f3cio brasileiro. <span class=\"Apple-converted-space\">\u00a0 <\/span>De acordo com a organiza\u00e7\u00e3o, a feira deve ampliar sua relev\u00e2ncia econ\u00f4mica em 2026, com expectativa de movimentar mais de R$ 1 bilh\u00e3o em neg\u00f3cios, consolidando Maring\u00e1 como refer\u00eancia nacional no setor. <span class=\"Apple-converted-space\">\u00a0 <\/span>Henrique ressaltou que, embora os grandes shows continuem sendo um atrativo importante, a proposta \u00e9 fortalecer ainda mais o perfil t\u00e9cnico e comercial da feira.<\/p>\n<p><strong><em>\u201cA Expoing\u00e1 vai al\u00e9m do entretenimento. \u00c9 um ambiente de gera\u00e7\u00e3o de oportunidades, conex\u00e3o com novas tecnologias e valoriza\u00e7\u00e3o do agroneg\u00f3cio, que segue como um dos pilares da economia brasileira.\u201d<\/em><\/strong><\/p>\n<p><strong>Evento vai al\u00e9m do agroneg\u00f3cio<\/strong><\/p>\n<p>Al\u00e9m da programa\u00e7\u00e3o t\u00e9cnica e da exposi\u00e7\u00e3o comercial, a feira tamb\u00e9m contar\u00e1 com atra\u00e7\u00f5es culturais, gastronomia, rodeios, apresenta\u00e7\u00f5es musicais e espa\u00e7os voltados ao lazer, ampliando o alcance para diferentes p\u00fablicos. Com a proposta de unir tradi\u00e7\u00e3o e inova\u00e7\u00e3o, a Expoing\u00e1 2026 busca consolidar uma nova identidade para o evento, fortalecendo o protagonismo de Maring\u00e1 no cen\u00e1rio nacional do agroneg\u00f3cio e do entretenimento.<\/p>\n<p><img loading=\"lazy\" decoding=\"async\" class=\"alignnone size-medium wp-image-66367\" src=\"https:\/\/corujaonoticias.com.br\/news\/wp-content\/uploads\/2026\/04\/785f05b8-3b20-4ac3-a1e7-08ac45eda4cd-225x300.jpeg\" alt=\"\" width=\"225\" height=\"300\" srcset=\"https:\/\/corujaonoticias.com.br\/news\/wp-content\/uploads\/2026\/04\/785f05b8-3b20-4ac3-a1e7-08ac45eda4cd-225x300.jpeg 225w, https:\/\/corujaonoticias.com.br\/news\/wp-content\/uploads\/2026\/04\/785f05b8-3b20-4ac3-a1e7-08ac45eda4cd-768x1024.jpeg 768w, https:\/\/corujaonoticias.com.br\/news\/wp-content\/uploads\/2026\/04\/785f05b8-3b20-4ac3-a1e7-08ac45eda4cd.jpeg 780w\" sizes=\"auto, (max-width: 225px) 100vw, 225px\" \/><\/p>\n<p><img loading=\"lazy\" decoding=\"async\" class=\"alignnone size-medium wp-image-66368\" src=\"https:\/\/corujaonoticias.com.br\/news\/wp-content\/uploads\/2026\/04\/b4c88491-f581-4d2a-8152-2bc741ee76c9-300x200.jpeg\" alt=\"\" width=\"300\" height=\"200\" srcset=\"https:\/\/corujaonoticias.com.br\/news\/wp-content\/uploads\/2026\/04\/b4c88491-f581-4d2a-8152-2bc741ee76c9-300x200.jpeg 300w, https:\/\/corujaonoticias.com.br\/news\/wp-content\/uploads\/2026\/04\/b4c88491-f581-4d2a-8152-2bc741ee76c9-1024x683.jpeg 1024w, https:\/\/corujaonoticias.com.br\/news\/wp-content\/uploads\/2026\/04\/b4c88491-f581-4d2a-8152-2bc741ee76c9-768x512.jpeg 768w, https:\/\/corujaonoticias.com.br\/news\/wp-content\/uploads\/2026\/04\/b4c88491-f581-4d2a-8152-2bc741ee76c9-414x276.jpeg 414w, https:\/\/corujaonoticias.com.br\/news\/wp-content\/uploads\/2026\/04\/b4c88491-f581-4d2a-8152-2bc741ee76c9-470x313.jpeg 470w, https:\/\/corujaonoticias.com.br\/news\/wp-content\/uploads\/2026\/04\/b4c88491-f581-4d2a-8152-2bc741ee76c9-640x426.jpeg 640w, https:\/\/corujaonoticias.com.br\/news\/wp-content\/uploads\/2026\/04\/b4c88491-f581-4d2a-8152-2bc741ee76c9-130x86.jpeg 130w, https:\/\/corujaonoticias.com.br\/news\/wp-content\/uploads\/2026\/04\/b4c88491-f581-4d2a-8152-2bc741ee76c9-187x124.jpeg 187w, https:\/\/corujaonoticias.com.br\/news\/wp-content\/uploads\/2026\/04\/b4c88491-f581-4d2a-8152-2bc741ee76c9-990x661.jpeg 990w, https:\/\/corujaonoticias.com.br\/news\/wp-content\/uploads\/2026\/04\/b4c88491-f581-4d2a-8152-2bc741ee76c9.jpeg 1040w\" sizes=\"auto, (max-width: 300px) 100vw, 300px\" \/><\/p>\n","protected":false},"excerpt":{"rendered":"<p>A Sociedade Rural de Maring\u00e1 promoveu na manh\u00e3 desta segunda-feira (27) um encontro especial com jornalistas, comunicadores e representantes dos principais ve\u00edculos de imprensa de Maring\u00e1 e regi\u00e3o para apresentar oficialmente o preview da 52\u00aa edi\u00e7\u00e3o da Expoing\u00e1, uma das maiores feiras agropecu\u00e1rias do pa\u00eds. Durante o caf\u00e9 da manh\u00e3 realizado no Parque Internacional de [&hellip;]<\/p>\n","protected":false},"author":2,"featured_media":66367,"comment_status":"closed","ping_status":"closed","sticky":false,"template":"","format":"standard","meta":{"footnotes":""},"categories":[49,57,69],"tags":[],"class_list":["post-66361","post","type-post","status-publish","format-standard","has-post-thumbnail","hentry","category-topo","category-maringa","category-social"],"views":5,"_links":{"self":[{"href":"https:\/\/corujaonoticias.com.br\/news\/wp-json\/wp\/v2\/posts\/66361","targetHints":{"allow":["GET"]}}],"collection":[{"href":"https:\/\/corujaonoticias.com.br\/news\/wp-json\/wp\/v2\/posts"}],"about":[{"href":"https:\/\/corujaonoticias.com.br\/news\/wp-json\/wp\/v2\/types\/post"}],"author":[{"embeddable":true,"href":"https:\/\/corujaonoticias.com.br\/news\/wp-json\/wp\/v2\/users\/2"}],"replies":[{"embeddable":true,"href":"https:\/\/corujaonoticias.com.br\/news\/wp-json\/wp\/v2\/comments?post=66361"}],"version-history":[{"count":3,"href":"https:\/\/corujaonoticias.com.br\/news\/wp-json\/wp\/v2\/posts\/66361\/revisions"}],"predecessor-version":[{"id":66369,"href":"https:\/\/corujaonoticias.com.br\/news\/wp-json\/wp\/v2\/posts\/66361\/revisions\/66369"}],"wp:featuredmedia":[{"embeddable":true,"href":"https:\/\/corujaonoticias.com.br\/news\/wp-json\/wp\/v2\/media\/66367"}],"wp:attachment":[{"href":"https:\/\/corujaonoticias.com.br\/news\/wp-json\/wp\/v2\/media?parent=66361"}],"wp:term":[{"taxonomy":"category","embeddable":true,"href":"https:\/\/corujaonoticias.com.br\/news\/wp-json\/wp\/v2\/categories?post=66361"},{"taxonomy":"post_tag","embeddable":true,"href":"https:\/\/corujaonoticias.com.br\/news\/wp-json\/wp\/v2\/tags?post=66361"}],"curies":[{"name":"wp","href":"https:\/\/api.w.org\/{rel}","templated":true}]}}